{"id":1021,"date":"2026-08-30T19:06:54","date_gmt":"2026-08-30T17:06:54","guid":{"rendered":"https:\/\/moquet.org\/?p=1021"},"modified":"2026-08-30T19:12:12","modified_gmt":"2026-08-30T17:12:12","slug":"puy-du-sancy-de-la-tempete-a-la-lumiere","status":"publish","type":"post","link":"https:\/\/moquet.org\/index.php\/2026\/08\/30\/puy-du-sancy-de-la-tempete-a-la-lumiere\/","title":{"rendered":"Puy du Sancy : de la temp\u00eate \u00e0 la lumi\u00e8re"},"content":{"rendered":"\n<p class=\"wp-block-paragraph\">Il y a des sorties en montagne o\u00f9 la nature d\u00e9cide de jouer avec toutes ses cartes en une seule journ\u00e9e. Ce week-end, direction le Mont-Dore pour nous mesurer au <strong>Grand Circuit des Cr\u00eates du Sancy<\/strong> : une belle boucle d\u2019environ <strong>18 km pour 1 285 m de d\u00e9nivel\u00e9 positif<\/strong>.<\/p>\n\n\n\n<p class=\"wp-block-paragraph\">Un parcours exigeant, immersif et particuli\u00e8rement riche en \u00e9motions, sous une m\u00e9t\u00e9o qui nous aura fait passer par tous les \u00e9tats.<\/p>\n\n\n\n<h3 class=\"wp-block-heading\">Une premi\u00e8re partie sous les \u00e9l\u00e9ments : vent, brouillard et t\u00e9nacit\u00e9<\/h3>\n\n\n\n<p class=\"wp-block-paragraph\">Au d\u00e9part du Mont-Dore, l&rsquo;ambiance est donn\u00e9e d&#8217;embl\u00e9e. \u00c0 mesure que nous prenons de la hauteur, les nuages s&rsquo;accrochent fermement aux reliefs. La premi\u00e8re partie de la randonn\u00e9e se transforme tr\u00e8s vite en un vrai d\u00e9fi face aux \u00e9l\u00e9ments.<\/p>\n\n\n\n<p class=\"wp-block-paragraph\">Un vent \u00e0 d\u00e9corner les b\u0153ufs balaie la cr\u00eate, accompagn\u00e9 d&rsquo;une petite pluie cinglante et d&rsquo;un brouillard \u00e0 couper au couteau. L&rsquo;horizon s&rsquo;efface totalement, laissant place \u00e0 une atmosph\u00e8re mystique et brute o\u00f9 le relief se d\u00e9voile au tout dernier moment.<\/p>\n\n\n\n<figure class=\"wp-block-gallery has-nested-images columns-default is-cropped wp-block-gallery-1 is-layout-flex wp-block-gallery-is-layout-flex\">\n<figure class=\"wp-block-image size-large\"><a href=\"https:\/\/moquet.org\/wp-content\/uploads\/2026\/08\/2026-08-30-181932.jpg\"><img loading=\"lazy\" decoding=\"async\" width=\"606\" height=\"1024\" data-id=\"1022\" src=\"https:\/\/moquet.org\/wp-content\/uploads\/2026\/08\/2026-08-30-181932-606x1024.jpg\" alt=\"\" class=\"wp-image-1022\" srcset=\"https:\/\/moquet.org\/wp-content\/uploads\/2026\/08\/2026-08-30-181932-606x1024.jpg 606w, https:\/\/moquet.org\/wp-content\/uploads\/2026\/08\/2026-08-30-181932-177x300.jpg 177w, https:\/\/moquet.org\/wp-content\/uploads\/2026\/08\/2026-08-30-181932-767x1297.jpg 767w, https:\/\/moquet.org\/wp-content\/uploads\/2026\/08\/2026-08-30-181932-909x1536.jpg 909w, https:\/\/moquet.org\/wp-content\/uploads\/2026\/08\/2026-08-30-181932.jpg 913w\" sizes=\"auto, (max-width: 606px) 100vw, 606px\" \/><\/a><\/figure>\n\n\n\n<figure class=\"wp-block-image size-large\"><a href=\"https:\/\/moquet.org\/wp-content\/uploads\/2026\/08\/20260829_120821-scaled.jpg\"><img loading=\"lazy\" decoding=\"async\" width=\"768\" height=\"1024\" data-id=\"1023\" src=\"https:\/\/moquet.org\/wp-content\/uploads\/2026\/08\/20260829_120821-768x1024-1.jpg\" alt=\"\" class=\"wp-image-1023\" srcset=\"https:\/\/moquet.org\/wp-content\/uploads\/2026\/08\/20260829_120821-768x1024-1.jpg 768w, https:\/\/moquet.org\/wp-content\/uploads\/2026\/08\/20260829_120821-225x300.jpg 225w, https:\/\/moquet.org\/wp-content\/uploads\/2026\/08\/20260829_120821-1152x1536.jpg 1152w, https:\/\/moquet.org\/wp-content\/uploads\/2026\/08\/20260829_120821-1536x2048.jpg 1536w, https:\/\/moquet.org\/wp-content\/uploads\/2026\/08\/20260829_120821-scaled.jpg 1920w\" sizes=\"auto, (max-width: 768px) 100vw, 768px\" \/><\/a><\/figure>\n<\/figure>\n\n\n\n<p class=\"wp-block-paragraph\">Malgr\u00e9 les bourrasques et la visibilit\u00e9 r\u00e9duite, le plaisir d&rsquo;\u00eatre l\u00e0, dans l&rsquo;effort, reste intact. Nous continuons notre progression jusqu&rsquo;au sommet du Puy de Sancy (1 886 m), point culminant du Massif central, marqu\u00e9 par la table d&rsquo;orientation o\u00f9 nos chaussures viennent marquer l&rsquo;\u00e9tape.<\/p>\n\n\n\n<figure class=\"wp-block-gallery has-nested-images columns-default is-cropped wp-block-gallery-2 is-layout-flex wp-block-gallery-is-layout-flex\">\n<figure class=\"wp-block-image size-large\"><a href=\"https:\/\/moquet.org\/wp-content\/uploads\/2026\/08\/20260829_121814-Moquet.org-2.jpg\"><img loading=\"lazy\" decoding=\"async\" width=\"768\" height=\"1024\" data-id=\"1024\" src=\"https:\/\/moquet.org\/wp-content\/uploads\/2026\/08\/20260829_121814-Moquet.org-2-768x1024-1.jpg\" alt=\"\" class=\"wp-image-1024\" srcset=\"https:\/\/moquet.org\/wp-content\/uploads\/2026\/08\/20260829_121814-Moquet.org-2-768x1024-1.jpg 768w, https:\/\/moquet.org\/wp-content\/uploads\/2026\/08\/20260829_121814-Moquet.org-2-225x300.jpg 225w, https:\/\/moquet.org\/wp-content\/uploads\/2026\/08\/20260829_121814-Moquet.org-2-1152x1536.jpg 1152w, https:\/\/moquet.org\/wp-content\/uploads\/2026\/08\/20260829_121814-Moquet.org-2.jpg 1536w\" sizes=\"auto, (max-width: 768px) 100vw, 768px\" \/><\/a><\/figure>\n\n\n\n<figure class=\"wp-block-image size-large\"><a href=\"https:\/\/moquet.org\/wp-content\/uploads\/2026\/08\/20260829_122628.jpg\"><img loading=\"lazy\" decoding=\"async\" width=\"768\" height=\"1024\" data-id=\"1025\" src=\"https:\/\/moquet.org\/wp-content\/uploads\/2026\/08\/20260829_122628-768x1024-1.jpg\" alt=\"\" class=\"wp-image-1025\" srcset=\"https:\/\/moquet.org\/wp-content\/uploads\/2026\/08\/20260829_122628-768x1024-1.jpg 768w, https:\/\/moquet.org\/wp-content\/uploads\/2026\/08\/20260829_122628-225x300.jpg 225w, https:\/\/moquet.org\/wp-content\/uploads\/2026\/08\/20260829_122628-1152x1536.jpg 1152w, https:\/\/moquet.org\/wp-content\/uploads\/2026\/08\/20260829_122628.jpg 1536w\" sizes=\"auto, (max-width: 768px) 100vw, 768px\" \/><\/a><\/figure>\n<\/figure>\n\n\n\n<h3 class=\"wp-block-heading\">La d\u00e9livrance : quand le Sancy se d\u00e9voile<\/h3>\n\n\n\n<p class=\"wp-block-paragraph\">Puis, comme souvent en montagne, la t\u00e9nacit\u00e9 paye. Au moment de basculer sur la deuxi\u00e8me partie du parcours, la magie op\u00e8re : les nuages commencent \u00e0 se d\u00e9chirer, balay\u00e9s par le vent, laissant percer de grands rayons de soleil.<\/p>\n\n\n\n<p class=\"wp-block-paragraph\">En un instant, le d\u00e9cor change radicalement. Le paysage s&rsquo;ouvre sur les cirques glaciaires, les valons verdoyants et la ligne de cr\u00eate que nous venons de parcourir. Le contraste entre le brouillard \u00e9pais du matin et ces panoramiques baign\u00e9s de lumi\u00e8re est tout simplement saisissant.<\/p>\n\n\n\n<figure class=\"wp-block-gallery has-nested-images columns-default is-cropped wp-block-gallery-3 is-layout-flex wp-block-gallery-is-layout-flex\">\n<figure class=\"wp-block-image size-large\"><a href=\"https:\/\/moquet.org\/wp-content\/uploads\/2026\/08\/20260829_141006.jpg\"><img loading=\"lazy\" decoding=\"async\" width=\"1024\" height=\"768\" data-id=\"1026\" src=\"https:\/\/moquet.org\/wp-content\/uploads\/2026\/08\/20260829_141006-1024x768.jpg\" alt=\"\" class=\"wp-image-1026\" srcset=\"https:\/\/moquet.org\/wp-content\/uploads\/2026\/08\/20260829_141006-1024x768.jpg 1024w, https:\/\/moquet.org\/wp-content\/uploads\/2026\/08\/20260829_141006-300x225.jpg 300w, https:\/\/moquet.org\/wp-content\/uploads\/2026\/08\/20260829_141006-768x576.jpg 768w, https:\/\/moquet.org\/wp-content\/uploads\/2026\/08\/20260829_141006-1536x1152.jpg 1536w, https:\/\/moquet.org\/wp-content\/uploads\/2026\/08\/20260829_141006.jpg 2048w\" sizes=\"auto, (max-width: 1024px) 100vw, 1024px\" \/><\/a><\/figure>\n\n\n\n<figure class=\"wp-block-image size-large\"><a href=\"https:\/\/moquet.org\/wp-content\/uploads\/2026\/08\/AUM03708.jpg\"><img loading=\"lazy\" decoding=\"async\" width=\"1024\" height=\"683\" data-id=\"1028\" src=\"https:\/\/moquet.org\/wp-content\/uploads\/2026\/08\/AUM03708-1024x683.jpg\" alt=\"\" class=\"wp-image-1028\" srcset=\"https:\/\/moquet.org\/wp-content\/uploads\/2026\/08\/AUM03708-1024x683.jpg 1024w, https:\/\/moquet.org\/wp-content\/uploads\/2026\/08\/AUM03708-300x200.jpg 300w, https:\/\/moquet.org\/wp-content\/uploads\/2026\/08\/AUM03708-767x511.jpg 767w, https:\/\/moquet.org\/wp-content\/uploads\/2026\/08\/AUM03708-1536x1024.jpg 1536w, https:\/\/moquet.org\/wp-content\/uploads\/2026\/08\/AUM03708.jpg 2048w\" sizes=\"auto, (max-width: 1024px) 100vw, 1024px\" \/><\/a><\/figure>\n\n\n\n<figure class=\"wp-block-image size-large\"><a href=\"https:\/\/moquet.org\/wp-content\/uploads\/2026\/08\/AUM03719.jpg\"><img loading=\"lazy\" decoding=\"async\" width=\"1024\" height=\"683\" data-id=\"1027\" src=\"https:\/\/moquet.org\/wp-content\/uploads\/2026\/08\/AUM03719-1024x683.jpg\" alt=\"\" class=\"wp-image-1027\" srcset=\"https:\/\/moquet.org\/wp-content\/uploads\/2026\/08\/AUM03719-1024x683.jpg 1024w, https:\/\/moquet.org\/wp-content\/uploads\/2026\/08\/AUM03719-300x200.jpg 300w, https:\/\/moquet.org\/wp-content\/uploads\/2026\/08\/AUM03719-767x511.jpg 767w, https:\/\/moquet.org\/wp-content\/uploads\/2026\/08\/AUM03719-1536x1024.jpg 1536w, https:\/\/moquet.org\/wp-content\/uploads\/2026\/08\/AUM03719.jpg 2048w\" sizes=\"auto, (max-width: 1024px) 100vw, 1024px\" \/><\/a><\/figure>\n<\/figure>\n\n\n\n<p class=\"wp-block-paragraph\">Sur le chemin du retour, le parcours nous r\u00e9serve une autre belle surprise : le passage aupr\u00e8s d&rsquo;une magnifique cascade s&rsquo;\u00e9lan\u00e7ant le long des parois rocheuses et volcaniques du massif. L&rsquo;occasion id\u00e9ale de faire une pause fra\u00eecheur et de profiter du calme retrouv\u00e9.<\/p>\n\n\n\n<figure class=\"wp-block-gallery has-nested-images columns-default is-cropped wp-block-gallery-4 is-layout-flex wp-block-gallery-is-layout-flex\">\n<figure class=\"wp-block-image size-large\"><a href=\"https:\/\/moquet.org\/wp-content\/uploads\/2026\/08\/20260829_160106.jpg\"><img loading=\"lazy\" decoding=\"async\" width=\"768\" height=\"1024\" data-id=\"1029\" src=\"https:\/\/moquet.org\/wp-content\/uploads\/2026\/08\/20260829_160106-768x1024-1.jpg\" alt=\"\" class=\"wp-image-1029\" srcset=\"https:\/\/moquet.org\/wp-content\/uploads\/2026\/08\/20260829_160106-768x1024-1.jpg 768w, https:\/\/moquet.org\/wp-content\/uploads\/2026\/08\/20260829_160106-225x300.jpg 225w, https:\/\/moquet.org\/wp-content\/uploads\/2026\/08\/20260829_160106-1152x1536.jpg 1152w, https:\/\/moquet.org\/wp-content\/uploads\/2026\/08\/20260829_160106.jpg 1536w\" sizes=\"auto, (max-width: 768px) 100vw, 768px\" \/><\/a><\/figure>\n\n\n\n<figure class=\"wp-block-image size-large\"><a href=\"https:\/\/moquet.org\/wp-content\/uploads\/2026\/08\/AUM03720.jpg\"><img loading=\"lazy\" decoding=\"async\" width=\"683\" height=\"1024\" data-id=\"1030\" src=\"https:\/\/moquet.org\/wp-content\/uploads\/2026\/08\/AUM03720-683x1024.jpg\" alt=\"\" class=\"wp-image-1030\" srcset=\"https:\/\/moquet.org\/wp-content\/uploads\/2026\/08\/AUM03720-683x1024.jpg 683w, https:\/\/moquet.org\/wp-content\/uploads\/2026\/08\/AUM03720-200x300.jpg 200w, https:\/\/moquet.org\/wp-content\/uploads\/2026\/08\/AUM03720-768x1152.jpg 768w, https:\/\/moquet.org\/wp-content\/uploads\/2026\/08\/AUM03720-1024x1536.jpg 1024w, https:\/\/moquet.org\/wp-content\/uploads\/2026\/08\/AUM03720.jpg 1365w\" sizes=\"auto, (max-width: 683px) 100vw, 683px\" \/><\/a><\/figure>\n<\/figure>\n\n\n\n<figure class=\"wp-block-gallery has-nested-images columns-default is-cropped wp-block-gallery-5 is-layout-flex wp-block-gallery-is-layout-flex\">\n<figure class=\"wp-block-image size-full\"><a href=\"https:\/\/moquet.org\/wp-content\/uploads\/2026\/08\/2026-08-30-182201.jpg\"><img loading=\"lazy\" decoding=\"async\" width=\"702\" height=\"844\" data-id=\"1031\" src=\"https:\/\/moquet.org\/wp-content\/uploads\/2026\/08\/2026-08-30-182201.jpg\" alt=\"\" class=\"wp-image-1031\" srcset=\"https:\/\/moquet.org\/wp-content\/uploads\/2026\/08\/2026-08-30-182201.jpg 702w, https:\/\/moquet.org\/wp-content\/uploads\/2026\/08\/2026-08-30-182201-250x300.jpg 250w\" sizes=\"auto, (max-width: 702px) 100vw, 702px\" \/><\/a><\/figure>\n<\/figure>\n\n\n\n<h3 class=\"wp-block-heading\">Fin de week-end en douceur au Lac Chambon<\/h3>\n\n\n\n<p class=\"wp-block-paragraph\">Apr\u00e8s cette belle journ\u00e9e de marche et un bon repos, nous avons termin\u00e9 ce week-end en beaut\u00e9 ce midi du c\u00f4t\u00e9 du <strong>Lac Chambon<\/strong>.<\/p>\n\n\n\n<p class=\"wp-block-paragraph\">Sous un grand ciel bleu et un soleil g\u00e9n\u00e9reux, les eaux paisibles du lac refl\u00e9tant le massif du Sancy au loin offraient un contraste parfait avec la rudesse de la veille. Une conclusion paisible et ressour\u00e7ante pour un week-end parfait en Auvergne.<\/p>\n\n\n\n<figure class=\"wp-block-gallery has-nested-images columns-default is-cropped wp-block-gallery-6 is-layout-flex wp-block-gallery-is-layout-flex\">\n<figure class=\"wp-block-image size-large\"><a href=\"https:\/\/moquet.org\/wp-content\/uploads\/2026\/08\/20260830_112250-Moquet.org-2.jpg\"><img loading=\"lazy\" decoding=\"async\" width=\"1024\" height=\"1024\" data-id=\"1032\" src=\"https:\/\/moquet.org\/wp-content\/uploads\/2026\/08\/20260830_112250-Moquet.org-2-1024x1024.jpg\" alt=\"\" class=\"wp-image-1032\" srcset=\"https:\/\/moquet.org\/wp-content\/uploads\/2026\/08\/20260830_112250-Moquet.org-2-1024x1024.jpg 1024w, https:\/\/moquet.org\/wp-content\/uploads\/2026\/08\/20260830_112250-Moquet.org-2-150x150.jpg 150w, https:\/\/moquet.org\/wp-content\/uploads\/2026\/08\/20260830_112250-Moquet.org-2-300x300.jpg 300w, https:\/\/moquet.org\/wp-content\/uploads\/2026\/08\/20260830_112250-Moquet.org-2-768x768.jpg 768w, https:\/\/moquet.org\/wp-content\/uploads\/2026\/08\/20260830_112250-Moquet.org-2-1536x1536.jpg 1536w, https:\/\/moquet.org\/wp-content\/uploads\/2026\/08\/20260830_112250-Moquet.org-2.jpg 2048w\" sizes=\"auto, (max-width: 1024px) 100vw, 1024px\" \/><\/a><\/figure>\n<\/figure>\n","protected":false},"excerpt":{"rendered":"<p>Il y a des sorties en montagne o\u00f9 la nature d\u00e9cide de jouer avec toutes ses cartes en une seule journ\u00e9e. Ce week-end, direction le Mont-Dore pour nous mesurer au Grand Circuit des Cr\u00eates du Sancy : une belle boucle d\u2019environ 18 km pour 1 285 m de d\u00e9nivel\u00e9 positif. Un parcours exigeant, immersif et [&hellip;]<\/p>\n","protected":false},"author":1,"featured_media":1026,"comment_status":"closed","ping_status":"open","sticky":false,"template":"","format":"standard","meta":{"footnotes":""},"categories":[9],"tags":[],"class_list":["post-1021","post","type-post","status-publish","format-standard","has-post-thumbnail","hentry","category-idee-rando"],"yoast_head":"<!-- This site is optimized with the Yoast SEO plugin v28.3 - https:\/\/yoast.com\/product\/yoast-seo-wordpress\/ -->\n<title>Puy du Sancy : de la temp\u00eate \u00e0 la lumi\u00e8re - Aur\u00e9lien Moquet<\/title>\n<meta name=\"robots\" content=\"index, follow, max-snippet:-1, max-image-preview:large, max-video-preview:-1\" \/>\n<link rel=\"canonical\" href=\"https:\/\/moquet.org\/index.php\/2026\/08\/30\/puy-du-sancy-de-la-tempete-a-la-lumiere\/\" \/>\n<meta property=\"og:locale\" content=\"fr_FR\" \/>\n<meta property=\"og:type\" content=\"article\" \/>\n<meta property=\"og:title\" content=\"Puy du Sancy : de la temp\u00eate \u00e0 la lumi\u00e8re - Aur\u00e9lien Moquet\" \/>\n<meta property=\"og:description\" content=\"Il y a des sorties en montagne o\u00f9 la nature d\u00e9cide de jouer avec toutes ses cartes en une seule journ\u00e9e. Ce week-end, direction le Mont-Dore pour nous mesurer au Grand Circuit des Cr\u00eates du Sancy : une belle boucle d\u2019environ 18 km pour 1 285 m de d\u00e9nivel\u00e9 positif. Un parcours exigeant, immersif et [&hellip;]\" \/>\n<meta property=\"og:url\" content=\"https:\/\/moquet.org\/index.php\/2026\/08\/30\/puy-du-sancy-de-la-tempete-a-la-lumiere\/\" \/>\n<meta property=\"og:site_name\" content=\"Aur\u00e9lien Moquet\" \/>\n<meta property=\"article:publisher\" content=\"https:\/\/www.facebook.com\/profile.php?id=61575096712224&amp;locale=fr_FR\" \/>\n<meta property=\"article:published_time\" content=\"2026-08-30T17:06:54+00:00\" \/>\n<meta property=\"article:modified_time\" content=\"2026-08-30T17:12:12+00:00\" \/>\n<meta property=\"og:image\" content=\"https:\/\/moquet.org\/wp-content\/uploads\/2026\/08\/20260829_141006.jpg\" \/>\n\t<meta property=\"og:image:width\" content=\"2048\" \/>\n\t<meta property=\"og:image:height\" content=\"1536\" \/>\n\t<meta property=\"og:image:type\" content=\"image\/jpeg\" \/>\n<meta name=\"author\" content=\"Aur\u00e9lien\" \/>\n<meta name=\"twitter:card\" content=\"summary_large_image\" \/>\n<meta name=\"twitter:label1\" content=\"\u00c9crit par\" \/>\n\t<meta name=\"twitter:data1\" content=\"Aur\u00e9lien\" \/>\n\t<meta name=\"twitter:label2\" content=\"Dur\u00e9e de lecture estim\u00e9e\" \/>\n\t<meta name=\"twitter:data2\" content=\"5 minutes\" \/>\n<script type=\"application\/ld+json\" class=\"yoast-schema-graph\">{\"@context\":\"https:\\\/\\\/schema.org\",\"@graph\":[{\"@type\":\"Article\",\"@id\":\"https:\\\/\\\/moquet.org\\\/index.php\\\/2026\\\/08\\\/30\\\/puy-du-sancy-de-la-tempete-a-la-lumiere\\\/#article\",\"isPartOf\":{\"@id\":\"https:\\\/\\\/moquet.org\\\/index.php\\\/2026\\\/08\\\/30\\\/puy-du-sancy-de-la-tempete-a-la-lumiere\\\/\"},\"author\":{\"name\":\"Aur\u00e9lien\",\"@id\":\"https:\\\/\\\/moquet.org\\\/#\\\/schema\\\/person\\\/a832cfcb2b0691af78e6937c520807e1\"},\"headline\":\"Puy du Sancy : de la temp\u00eate \u00e0 la lumi\u00e8re\",\"datePublished\":\"2026-08-30T17:06:54+00:00\",\"dateModified\":\"2026-08-30T17:12:12+00:00\",\"mainEntityOfPage\":{\"@id\":\"https:\\\/\\\/moquet.org\\\/index.php\\\/2026\\\/08\\\/30\\\/puy-du-sancy-de-la-tempete-a-la-lumiere\\\/\"},\"wordCount\":474,\"publisher\":{\"@id\":\"https:\\\/\\\/moquet.org\\\/#organization\"},\"image\":{\"@id\":\"https:\\\/\\\/moquet.org\\\/index.php\\\/2026\\\/08\\\/30\\\/puy-du-sancy-de-la-tempete-a-la-lumiere\\\/#primaryimage\"},\"thumbnailUrl\":\"https:\\\/\\\/moquet.org\\\/wp-content\\\/uploads\\\/2026\\\/08\\\/20260829_141006.jpg\",\"articleSection\":[\"Id\u00e9e rando\"],\"inLanguage\":\"fr-FR\"},{\"@type\":\"WebPage\",\"@id\":\"https:\\\/\\\/moquet.org\\\/index.php\\\/2026\\\/08\\\/30\\\/puy-du-sancy-de-la-tempete-a-la-lumiere\\\/\",\"url\":\"https:\\\/\\\/moquet.org\\\/index.php\\\/2026\\\/08\\\/30\\\/puy-du-sancy-de-la-tempete-a-la-lumiere\\\/\",\"name\":\"Puy du Sancy : de la temp\u00eate \u00e0 la lumi\u00e8re - Aur\u00e9lien Moquet\",\"isPartOf\":{\"@id\":\"https:\\\/\\\/moquet.org\\\/#website\"},\"primaryImageOfPage\":{\"@id\":\"https:\\\/\\\/moquet.org\\\/index.php\\\/2026\\\/08\\\/30\\\/puy-du-sancy-de-la-tempete-a-la-lumiere\\\/#primaryimage\"},\"image\":{\"@id\":\"https:\\\/\\\/moquet.org\\\/index.php\\\/2026\\\/08\\\/30\\\/puy-du-sancy-de-la-tempete-a-la-lumiere\\\/#primaryimage\"},\"thumbnailUrl\":\"https:\\\/\\\/moquet.org\\\/wp-content\\\/uploads\\\/2026\\\/08\\\/20260829_141006.jpg\",\"datePublished\":\"2026-08-30T17:06:54+00:00\",\"dateModified\":\"2026-08-30T17:12:12+00:00\",\"breadcrumb\":{\"@id\":\"https:\\\/\\\/moquet.org\\\/index.php\\\/2026\\\/08\\\/30\\\/puy-du-sancy-de-la-tempete-a-la-lumiere\\\/#breadcrumb\"},\"inLanguage\":\"fr-FR\",\"potentialAction\":[{\"@type\":\"ReadAction\",\"target\":[\"https:\\\/\\\/moquet.org\\\/index.php\\\/2026\\\/08\\\/30\\\/puy-du-sancy-de-la-tempete-a-la-lumiere\\\/\"]}]},{\"@type\":\"ImageObject\",\"inLanguage\":\"fr-FR\",\"@id\":\"https:\\\/\\\/moquet.org\\\/index.php\\\/2026\\\/08\\\/30\\\/puy-du-sancy-de-la-tempete-a-la-lumiere\\\/#primaryimage\",\"url\":\"https:\\\/\\\/moquet.org\\\/wp-content\\\/uploads\\\/2026\\\/08\\\/20260829_141006.jpg\",\"contentUrl\":\"https:\\\/\\\/moquet.org\\\/wp-content\\\/uploads\\\/2026\\\/08\\\/20260829_141006.jpg\",\"width\":2048,\"height\":1536},{\"@type\":\"BreadcrumbList\",\"@id\":\"https:\\\/\\\/moquet.org\\\/index.php\\\/2026\\\/08\\\/30\\\/puy-du-sancy-de-la-tempete-a-la-lumiere\\\/#breadcrumb\",\"itemListElement\":[{\"@type\":\"ListItem\",\"position\":1,\"name\":\"Accueil\",\"item\":\"https:\\\/\\\/moquet.org\\\/\"},{\"@type\":\"ListItem\",\"position\":2,\"name\":\"Puy du Sancy : de la temp\u00eate \u00e0 la lumi\u00e8re\"}]},{\"@type\":\"WebSite\",\"@id\":\"https:\\\/\\\/moquet.org\\\/#website\",\"url\":\"https:\\\/\\\/moquet.org\\\/\",\"name\":\"Aur\u00e9lien Moquet\",\"description\":\"\",\"publisher\":{\"@id\":\"https:\\\/\\\/moquet.org\\\/#organization\"},\"potentialAction\":[{\"@type\":\"SearchAction\",\"target\":{\"@type\":\"EntryPoint\",\"urlTemplate\":\"https:\\\/\\\/moquet.org\\\/?s={search_term_string}\"},\"query-input\":{\"@type\":\"PropertyValueSpecification\",\"valueRequired\":true,\"valueName\":\"search_term_string\"}}],\"inLanguage\":\"fr-FR\"},{\"@type\":\"Organization\",\"@id\":\"https:\\\/\\\/moquet.org\\\/#organization\",\"name\":\"Aur\u00e9lien Moquet\",\"url\":\"https:\\\/\\\/moquet.org\\\/\",\"logo\":{\"@type\":\"ImageObject\",\"inLanguage\":\"fr-FR\",\"@id\":\"https:\\\/\\\/moquet.org\\\/#\\\/schema\\\/logo\\\/image\\\/\",\"url\":\"https:\\\/\\\/moquet.org\\\/wp-content\\\/uploads\\\/2026\\\/02\\\/Signature-AM-Black-Winter_Pen-scaled.png\",\"contentUrl\":\"https:\\\/\\\/moquet.org\\\/wp-content\\\/uploads\\\/2026\\\/02\\\/Signature-AM-Black-Winter_Pen-scaled.png\",\"width\":2560,\"height\":683,\"caption\":\"Aur\u00e9lien Moquet\"},\"image\":{\"@id\":\"https:\\\/\\\/moquet.org\\\/#\\\/schema\\\/logo\\\/image\\\/\"},\"sameAs\":[\"https:\\\/\\\/www.facebook.com\\\/profile.php?id=61575096712224&locale=fr_FR\"]},{\"@type\":\"Person\",\"@id\":\"https:\\\/\\\/moquet.org\\\/#\\\/schema\\\/person\\\/a832cfcb2b0691af78e6937c520807e1\",\"name\":\"Aur\u00e9lien\",\"image\":{\"@type\":\"ImageObject\",\"inLanguage\":\"fr-FR\",\"@id\":\"https:\\\/\\\/secure.gravatar.com\\\/avatar\\\/40e27b35504aca19c441a4ea347182b086b456a730b85cfefd391d690618802f?s=96&d=mm&r=g\",\"url\":\"https:\\\/\\\/secure.gravatar.com\\\/avatar\\\/40e27b35504aca19c441a4ea347182b086b456a730b85cfefd391d690618802f?s=96&d=mm&r=g\",\"contentUrl\":\"https:\\\/\\\/secure.gravatar.com\\\/avatar\\\/40e27b35504aca19c441a4ea347182b086b456a730b85cfefd391d690618802f?s=96&d=mm&r=g\",\"caption\":\"Aur\u00e9lien\"},\"sameAs\":[\"http:\\\/\\\/moquet.org\"],\"url\":\"https:\\\/\\\/moquet.org\\\/index.php\\\/author\\\/admin4682\\\/\"}]}<\/script>\n<!-- \/ Yoast SEO plugin. -->","yoast_head_json":{"title":"Puy du Sancy : de la temp\u00eate \u00e0 la lumi\u00e8re - Aur\u00e9lien Moquet","robots":{"index":"index","follow":"follow","max-snippet":"max-snippet:-1","max-image-preview":"max-image-preview:large","max-video-preview":"max-video-preview:-1"},"canonical":"https:\/\/moquet.org\/index.php\/2026\/08\/30\/puy-du-sancy-de-la-tempete-a-la-lumiere\/","og_locale":"fr_FR","og_type":"article","og_title":"Puy du Sancy : de la temp\u00eate \u00e0 la lumi\u00e8re - Aur\u00e9lien Moquet","og_description":"Il y a des sorties en montagne o\u00f9 la nature d\u00e9cide de jouer avec toutes ses cartes en une seule journ\u00e9e. Ce week-end, direction le Mont-Dore pour nous mesurer au Grand Circuit des Cr\u00eates du Sancy : une belle boucle d\u2019environ 18 km pour 1 285 m de d\u00e9nivel\u00e9 positif. Un parcours exigeant, immersif et [&hellip;]","og_url":"https:\/\/moquet.org\/index.php\/2026\/08\/30\/puy-du-sancy-de-la-tempete-a-la-lumiere\/","og_site_name":"Aur\u00e9lien Moquet","article_publisher":"https:\/\/www.facebook.com\/profile.php?id=61575096712224&locale=fr_FR","article_published_time":"2026-08-30T17:06:54+00:00","article_modified_time":"2026-08-30T17:12:12+00:00","og_image":[{"width":2048,"height":1536,"url":"https:\/\/moquet.org\/wp-content\/uploads\/2026\/08\/20260829_141006.jpg","type":"image\/jpeg"}],"author":"Aur\u00e9lien","twitter_card":"summary_large_image","twitter_misc":{"\u00c9crit par":"Aur\u00e9lien","Dur\u00e9e de lecture estim\u00e9e":"5 minutes"},"schema":{"@context":"https:\/\/schema.org","@graph":[{"@type":"Article","@id":"https:\/\/moquet.org\/index.php\/2026\/08\/30\/puy-du-sancy-de-la-tempete-a-la-lumiere\/#article","isPartOf":{"@id":"https:\/\/moquet.org\/index.php\/2026\/08\/30\/puy-du-sancy-de-la-tempete-a-la-lumiere\/"},"author":{"name":"Aur\u00e9lien","@id":"https:\/\/moquet.org\/#\/schema\/person\/a832cfcb2b0691af78e6937c520807e1"},"headline":"Puy du Sancy : de la temp\u00eate \u00e0 la lumi\u00e8re","datePublished":"2026-08-30T17:06:54+00:00","dateModified":"2026-08-30T17:12:12+00:00","mainEntityOfPage":{"@id":"https:\/\/moquet.org\/index.php\/2026\/08\/30\/puy-du-sancy-de-la-tempete-a-la-lumiere\/"},"wordCount":474,"publisher":{"@id":"https:\/\/moquet.org\/#organization"},"image":{"@id":"https:\/\/moquet.org\/index.php\/2026\/08\/30\/puy-du-sancy-de-la-tempete-a-la-lumiere\/#primaryimage"},"thumbnailUrl":"https:\/\/moquet.org\/wp-content\/uploads\/2026\/08\/20260829_141006.jpg","articleSection":["Id\u00e9e rando"],"inLanguage":"fr-FR"},{"@type":"WebPage","@id":"https:\/\/moquet.org\/index.php\/2026\/08\/30\/puy-du-sancy-de-la-tempete-a-la-lumiere\/","url":"https:\/\/moquet.org\/index.php\/2026\/08\/30\/puy-du-sancy-de-la-tempete-a-la-lumiere\/","name":"Puy du Sancy : de la temp\u00eate \u00e0 la lumi\u00e8re - Aur\u00e9lien Moquet","isPartOf":{"@id":"https:\/\/moquet.org\/#website"},"primaryImageOfPage":{"@id":"https:\/\/moquet.org\/index.php\/2026\/08\/30\/puy-du-sancy-de-la-tempete-a-la-lumiere\/#primaryimage"},"image":{"@id":"https:\/\/moquet.org\/index.php\/2026\/08\/30\/puy-du-sancy-de-la-tempete-a-la-lumiere\/#primaryimage"},"thumbnailUrl":"https:\/\/moquet.org\/wp-content\/uploads\/2026\/08\/20260829_141006.jpg","datePublished":"2026-08-30T17:06:54+00:00","dateModified":"2026-08-30T17:12:12+00:00","breadcrumb":{"@id":"https:\/\/moquet.org\/index.php\/2026\/08\/30\/puy-du-sancy-de-la-tempete-a-la-lumiere\/#breadcrumb"},"inLanguage":"fr-FR","potentialAction":[{"@type":"ReadAction","target":["https:\/\/moquet.org\/index.php\/2026\/08\/30\/puy-du-sancy-de-la-tempete-a-la-lumiere\/"]}]},{"@type":"ImageObject","inLanguage":"fr-FR","@id":"https:\/\/moquet.org\/index.php\/2026\/08\/30\/puy-du-sancy-de-la-tempete-a-la-lumiere\/#primaryimage","url":"https:\/\/moquet.org\/wp-content\/uploads\/2026\/08\/20260829_141006.jpg","contentUrl":"https:\/\/moquet.org\/wp-content\/uploads\/2026\/08\/20260829_141006.jpg","width":2048,"height":1536},{"@type":"BreadcrumbList","@id":"https:\/\/moquet.org\/index.php\/2026\/08\/30\/puy-du-sancy-de-la-tempete-a-la-lumiere\/#breadcrumb","itemListElement":[{"@type":"ListItem","position":1,"name":"Accueil","item":"https:\/\/moquet.org\/"},{"@type":"ListItem","position":2,"name":"Puy du Sancy : de la temp\u00eate \u00e0 la lumi\u00e8re"}]},{"@type":"WebSite","@id":"https:\/\/moquet.org\/#website","url":"https:\/\/moquet.org\/","name":"Aur\u00e9lien Moquet","description":"","publisher":{"@id":"https:\/\/moquet.org\/#organization"},"potentialAction":[{"@type":"SearchAction","target":{"@type":"EntryPoint","urlTemplate":"https:\/\/moquet.org\/?s={search_term_string}"},"query-input":{"@type":"PropertyValueSpecification","valueRequired":true,"valueName":"search_term_string"}}],"inLanguage":"fr-FR"},{"@type":"Organization","@id":"https:\/\/moquet.org\/#organization","name":"Aur\u00e9lien Moquet","url":"https:\/\/moquet.org\/","logo":{"@type":"ImageObject","inLanguage":"fr-FR","@id":"https:\/\/moquet.org\/#\/schema\/logo\/image\/","url":"https:\/\/moquet.org\/wp-content\/uploads\/2026\/02\/Signature-AM-Black-Winter_Pen-scaled.png","contentUrl":"https:\/\/moquet.org\/wp-content\/uploads\/2026\/02\/Signature-AM-Black-Winter_Pen-scaled.png","width":2560,"height":683,"caption":"Aur\u00e9lien Moquet"},"image":{"@id":"https:\/\/moquet.org\/#\/schema\/logo\/image\/"},"sameAs":["https:\/\/www.facebook.com\/profile.php?id=61575096712224&locale=fr_FR"]},{"@type":"Person","@id":"https:\/\/moquet.org\/#\/schema\/person\/a832cfcb2b0691af78e6937c520807e1","name":"Aur\u00e9lien","image":{"@type":"ImageObject","inLanguage":"fr-FR","@id":"https:\/\/secure.gravatar.com\/avatar\/40e27b35504aca19c441a4ea347182b086b456a730b85cfefd391d690618802f?s=96&d=mm&r=g","url":"https:\/\/secure.gravatar.com\/avatar\/40e27b35504aca19c441a4ea347182b086b456a730b85cfefd391d690618802f?s=96&d=mm&r=g","contentUrl":"https:\/\/secure.gravatar.com\/avatar\/40e27b35504aca19c441a4ea347182b086b456a730b85cfefd391d690618802f?s=96&d=mm&r=g","caption":"Aur\u00e9lien"},"sameAs":["http:\/\/moquet.org"],"url":"https:\/\/moquet.org\/index.php\/author\/admin4682\/"}]}},"_links":{"self":[{"href":"https:\/\/moquet.org\/index.php\/wp-json\/wp\/v2\/posts\/1021","targetHints":{"allow":["GET"]}}],"collection":[{"href":"https:\/\/moquet.org\/index.php\/wp-json\/wp\/v2\/posts"}],"about":[{"href":"https:\/\/moquet.org\/index.php\/wp-json\/wp\/v2\/types\/post"}],"author":[{"embeddable":true,"href":"https:\/\/moquet.org\/index.php\/wp-json\/wp\/v2\/users\/1"}],"replies":[{"embeddable":true,"href":"https:\/\/moquet.org\/index.php\/wp-json\/wp\/v2\/comments?post=1021"}],"version-history":[{"count":1,"href":"https:\/\/moquet.org\/index.php\/wp-json\/wp\/v2\/posts\/1021\/revisions"}],"predecessor-version":[{"id":1035,"href":"https:\/\/moquet.org\/index.php\/wp-json\/wp\/v2\/posts\/1021\/revisions\/1035"}],"wp:featuredmedia":[{"embeddable":true,"href":"https:\/\/moquet.org\/index.php\/wp-json\/wp\/v2\/media\/1026"}],"wp:attachment":[{"href":"https:\/\/moquet.org\/index.php\/wp-json\/wp\/v2\/media?parent=1021"}],"wp:term":[{"taxonomy":"category","embeddable":true,"href":"https:\/\/moquet.org\/index.php\/wp-json\/wp\/v2\/categories?post=1021"},{"taxonomy":"post_tag","embeddable":true,"href":"https:\/\/moquet.org\/index.php\/wp-json\/wp\/v2\/tags?post=1021"}],"curies":[{"name":"wp","href":"https:\/\/api.w.org\/{rel}","templated":true}]}}