{"id":218,"date":"2023-04-29T16:36:52","date_gmt":"2023-04-29T14:36:52","guid":{"rendered":"https:\/\/moquet.org\/?p=218"},"modified":"2024-11-30T17:00:16","modified_gmt":"2024-11-30T16:00:16","slug":"lac-dallos","status":"publish","type":"post","link":"https:\/\/moquet.org\/index.php\/2023\/04\/29\/lac-dallos\/","title":{"rendered":"Lac d&rsquo;Allos"},"content":{"rendered":"\n<p>Situ\u00e9 dans le parc national du Mercantour, \u00e0 2200m d&rsquo;altitude, l&rsquo;endroit est juste magnifique en hiver, lorsque le lac est gel\u00e9.<\/p>\n\n\n\n<p>Au d\u00e9part, du parking (du bas), il faut compter sur 750m de d\u00e9nivel\u00e9 positif pour atteindre la lac.<\/p>\n\n\n\n<figure class=\"wp-block-gallery has-nested-images columns-default is-cropped wp-block-gallery-1 is-layout-flex wp-block-gallery-is-layout-flex\">\n<figure class=\"wp-block-image size-large\"><a href=\"https:\/\/moquet.org\/wp-content\/uploads\/2024\/11\/Allos2.jpg\"><img loading=\"lazy\" decoding=\"async\" width=\"1024\" height=\"577\" data-id=\"220\" src=\"https:\/\/moquet.org\/wp-content\/uploads\/2024\/11\/Allos2-1024x577.jpg\" alt=\"\" class=\"wp-image-220\" srcset=\"https:\/\/moquet.org\/wp-content\/uploads\/2024\/11\/Allos2-1024x577.jpg 1024w, https:\/\/moquet.org\/wp-content\/uploads\/2024\/11\/Allos2-300x169.jpg 300w, https:\/\/moquet.org\/wp-content\/uploads\/2024\/11\/Allos2-768x433.jpg 768w, https:\/\/moquet.org\/wp-content\/uploads\/2024\/11\/Allos2-1536x866.jpg 1536w, https:\/\/moquet.org\/wp-content\/uploads\/2024\/11\/Allos2.jpg 1600w\" sizes=\"auto, (max-width: 1024px) 100vw, 1024px\" \/><\/a><\/figure>\n\n\n\n<figure class=\"wp-block-image size-large\"><a href=\"https:\/\/moquet.org\/wp-content\/uploads\/2024\/11\/Allos3.jpg\"><img loading=\"lazy\" decoding=\"async\" width=\"1024\" height=\"578\" data-id=\"221\" src=\"https:\/\/moquet.org\/wp-content\/uploads\/2024\/11\/Allos3-1024x578.jpg\" alt=\"\" class=\"wp-image-221\" srcset=\"https:\/\/moquet.org\/wp-content\/uploads\/2024\/11\/Allos3-1024x578.jpg 1024w, https:\/\/moquet.org\/wp-content\/uploads\/2024\/11\/Allos3-300x169.jpg 300w, https:\/\/moquet.org\/wp-content\/uploads\/2024\/11\/Allos3-768x433.jpg 768w, https:\/\/moquet.org\/wp-content\/uploads\/2024\/11\/Allos3.jpg 1400w\" sizes=\"auto, (max-width: 1024px) 100vw, 1024px\" \/><\/a><\/figure>\n<\/figure>\n\n\n\n<p>En avril, lorsque l&rsquo;hiver disparait et qu&rsquo;il n&rsquo;y a pas encore trop de monde, on peut apercevoir les chamois et les marmottes.<\/p>\n\n\n\n<figure class=\"wp-block-gallery has-nested-images columns-default is-cropped wp-block-gallery-2 is-layout-flex wp-block-gallery-is-layout-flex\">\n<figure class=\"wp-block-image size-large\"><a href=\"https:\/\/moquet.org\/wp-content\/uploads\/2024\/11\/Allos4-rotated.jpg\"><img loading=\"lazy\" decoding=\"async\" width=\"576\" height=\"1024\" data-id=\"222\" src=\"https:\/\/moquet.org\/wp-content\/uploads\/2024\/11\/Allos4-576x1024.jpg\" alt=\"\" class=\"wp-image-222\" srcset=\"https:\/\/moquet.org\/wp-content\/uploads\/2024\/11\/Allos4-576x1024.jpg 576w, https:\/\/moquet.org\/wp-content\/uploads\/2024\/11\/Allos4-169x300.jpg 169w, https:\/\/moquet.org\/wp-content\/uploads\/2024\/11\/Allos4-768x1366.jpg 768w, https:\/\/moquet.org\/wp-content\/uploads\/2024\/11\/Allos4-rotated.jpg 794w\" sizes=\"auto, (max-width: 576px) 100vw, 576px\" \/><\/a><\/figure>\n\n\n\n<figure class=\"wp-block-image size-large\"><a href=\"https:\/\/moquet.org\/wp-content\/uploads\/2024\/11\/Allos5-rotated.jpg\"><img loading=\"lazy\" decoding=\"async\" width=\"576\" height=\"1024\" data-id=\"223\" src=\"https:\/\/moquet.org\/wp-content\/uploads\/2024\/11\/Allos5-576x1024.jpg\" alt=\"\" class=\"wp-image-223\" srcset=\"https:\/\/moquet.org\/wp-content\/uploads\/2024\/11\/Allos5-576x1024.jpg 576w, https:\/\/moquet.org\/wp-content\/uploads\/2024\/11\/Allos5-169x300.jpg 169w, https:\/\/moquet.org\/wp-content\/uploads\/2024\/11\/Allos5-rotated.jpg 726w\" sizes=\"auto, (max-width: 576px) 100vw, 576px\" \/><\/a><\/figure>\n<\/figure>\n\n\n\n<center> <iframe loading=\"lazy\" width=\"100%\" height=\"300px\" frameborder=\"0\" allowfullscreen allow=\"geolocation\"  src=\"\/\/umap.openstreetmap.fr\/fr\/map\/lac-dallos_1145745?scaleControl=false&#038;miniMap=false&#038;scrollWheelZoom=false&#038;zoomControl=true&#038;editMode=disabled&#038;moreControl=true&#038;searchControl=null&#038;tilelayersControl=null&#038;embedControl=null&#038;datalayersControl=true&#038;onLoadPanel=none&#038;captionBar=false&#038;captionMenus=true\"><\/iframe><p><a href=\"\/\/umap.openstreetmap.fr\/fr\/map\/lac-dallos_1145745?scaleControl=false&#038;miniMap=false&#038;scrollWheelZoom=true&#038;zoomControl=true&#038;editMode=disabled&#038;moreControl=true&#038;searchControl=null&#038;tilelayersControl=null&#038;embedControl=null&#038;datalayersControl=true&#038;onLoadPanel=none&#038;captionBar=false&#038;captionMenus=true\">Voir en plein \u00e9cran<\/a><\/p> <\/center>\n\n\n\n\n\n\n\n\n\n<p><\/p>\n","protected":false},"excerpt":{"rendered":"<p>Situ\u00e9 dans le parc national du Mercantour, \u00e0 2200m d&rsquo;altitude, l&rsquo;endroit est juste magnifique en hiver, lorsque le lac est gel\u00e9. Au d\u00e9part, du parking (du bas), il faut compter sur 750m de d\u00e9nivel\u00e9 positif pour atteindre la lac. En avril, lorsque l&rsquo;hiver disparait et qu&rsquo;il n&rsquo;y a pas encore trop de monde, on peut [&hellip;]<\/p>\n","protected":false},"author":1,"featured_media":219,"comment_status":"closed","ping_status":"open","sticky":false,"template":"","format":"standard","meta":{"footnotes":""},"categories":[9],"tags":[],"class_list":["post-218","post","type-post","status-publish","format-standard","has-post-thumbnail","hentry","category-idee-rando"],"yoast_head":"<!-- This site is optimized with the Yoast SEO plugin v27.2 - https:\/\/yoast.com\/product\/yoast-seo-wordpress\/ -->\n<title>Lac d&#039;Allos - Aur\u00e9lien Moquet<\/title>\n<meta name=\"robots\" content=\"index, follow, max-snippet:-1, max-image-preview:large, max-video-preview:-1\" \/>\n<link rel=\"canonical\" href=\"https:\/\/moquet.org\/index.php\/2023\/04\/29\/lac-dallos\/\" \/>\n<meta property=\"og:locale\" content=\"fr_FR\" \/>\n<meta property=\"og:type\" content=\"article\" \/>\n<meta property=\"og:title\" content=\"Lac d&#039;Allos - Aur\u00e9lien Moquet\" \/>\n<meta property=\"og:description\" content=\"Situ\u00e9 dans le parc national du Mercantour, \u00e0 2200m d&rsquo;altitude, l&rsquo;endroit est juste magnifique en hiver, lorsque le lac est gel\u00e9. Au d\u00e9part, du parking (du bas), il faut compter sur 750m de d\u00e9nivel\u00e9 positif pour atteindre la lac. En avril, lorsque l&rsquo;hiver disparait et qu&rsquo;il n&rsquo;y a pas encore trop de monde, on peut [&hellip;]\" \/>\n<meta property=\"og:url\" content=\"https:\/\/moquet.org\/index.php\/2023\/04\/29\/lac-dallos\/\" \/>\n<meta property=\"og:site_name\" content=\"Aur\u00e9lien Moquet\" \/>\n<meta property=\"article:publisher\" content=\"https:\/\/www.facebook.com\/profile.php?id=61575096712224&amp;locale=fr_FR\" \/>\n<meta property=\"article:published_time\" content=\"2023-04-29T14:36:52+00:00\" \/>\n<meta property=\"article:modified_time\" content=\"2024-11-30T16:00:16+00:00\" \/>\n<meta property=\"og:image\" content=\"https:\/\/moquet.org\/wp-content\/uploads\/2024\/11\/Allos1.jpg\" \/>\n\t<meta property=\"og:image:width\" content=\"1600\" \/>\n\t<meta property=\"og:image:height\" content=\"1200\" \/>\n\t<meta property=\"og:image:type\" content=\"image\/jpeg\" \/>\n<meta name=\"author\" content=\"Aur\u00e9lien\" \/>\n<meta name=\"twitter:card\" content=\"summary_large_image\" \/>\n<meta name=\"twitter:label1\" content=\"\u00c9crit par\" \/>\n\t<meta name=\"twitter:data1\" content=\"Aur\u00e9lien\" \/>\n<script type=\"application\/ld+json\" class=\"yoast-schema-graph\">{\"@context\":\"https:\/\/schema.org\",\"@graph\":[{\"@type\":\"Article\",\"@id\":\"https:\/\/moquet.org\/index.php\/2023\/04\/29\/lac-dallos\/#article\",\"isPartOf\":{\"@id\":\"https:\/\/moquet.org\/index.php\/2023\/04\/29\/lac-dallos\/\"},\"author\":{\"name\":\"Aur\u00e9lien\",\"@id\":\"https:\/\/moquet.org\/#\/schema\/person\/a832cfcb2b0691af78e6937c520807e1\"},\"headline\":\"Lac d&rsquo;Allos\",\"datePublished\":\"2023-04-29T14:36:52+00:00\",\"dateModified\":\"2024-11-30T16:00:16+00:00\",\"mainEntityOfPage\":{\"@id\":\"https:\/\/moquet.org\/index.php\/2023\/04\/29\/lac-dallos\/\"},\"wordCount\":74,\"publisher\":{\"@id\":\"https:\/\/moquet.org\/#organization\"},\"image\":{\"@id\":\"https:\/\/moquet.org\/index.php\/2023\/04\/29\/lac-dallos\/#primaryimage\"},\"thumbnailUrl\":\"https:\/\/moquet.org\/wp-content\/uploads\/2024\/11\/Allos1.jpg\",\"articleSection\":[\"Id\u00e9e rando\"],\"inLanguage\":\"fr-FR\"},{\"@type\":\"WebPage\",\"@id\":\"https:\/\/moquet.org\/index.php\/2023\/04\/29\/lac-dallos\/\",\"url\":\"https:\/\/moquet.org\/index.php\/2023\/04\/29\/lac-dallos\/\",\"name\":\"Lac d'Allos - Aur\u00e9lien Moquet\",\"isPartOf\":{\"@id\":\"https:\/\/moquet.org\/#website\"},\"primaryImageOfPage\":{\"@id\":\"https:\/\/moquet.org\/index.php\/2023\/04\/29\/lac-dallos\/#primaryimage\"},\"image\":{\"@id\":\"https:\/\/moquet.org\/index.php\/2023\/04\/29\/lac-dallos\/#primaryimage\"},\"thumbnailUrl\":\"https:\/\/moquet.org\/wp-content\/uploads\/2024\/11\/Allos1.jpg\",\"datePublished\":\"2023-04-29T14:36:52+00:00\",\"dateModified\":\"2024-11-30T16:00:16+00:00\",\"breadcrumb\":{\"@id\":\"https:\/\/moquet.org\/index.php\/2023\/04\/29\/lac-dallos\/#breadcrumb\"},\"inLanguage\":\"fr-FR\",\"potentialAction\":[{\"@type\":\"ReadAction\",\"target\":[\"https:\/\/moquet.org\/index.php\/2023\/04\/29\/lac-dallos\/\"]}]},{\"@type\":\"ImageObject\",\"inLanguage\":\"fr-FR\",\"@id\":\"https:\/\/moquet.org\/index.php\/2023\/04\/29\/lac-dallos\/#primaryimage\",\"url\":\"https:\/\/moquet.org\/wp-content\/uploads\/2024\/11\/Allos1.jpg\",\"contentUrl\":\"https:\/\/moquet.org\/wp-content\/uploads\/2024\/11\/Allos1.jpg\",\"width\":1600,\"height\":1200,\"caption\":\"Lac d'Allos\"},{\"@type\":\"BreadcrumbList\",\"@id\":\"https:\/\/moquet.org\/index.php\/2023\/04\/29\/lac-dallos\/#breadcrumb\",\"itemListElement\":[{\"@type\":\"ListItem\",\"position\":1,\"name\":\"Accueil\",\"item\":\"https:\/\/moquet.org\/\"},{\"@type\":\"ListItem\",\"position\":2,\"name\":\"Lac d&rsquo;Allos\"}]},{\"@type\":\"WebSite\",\"@id\":\"https:\/\/moquet.org\/#website\",\"url\":\"https:\/\/moquet.org\/\",\"name\":\"Aur\u00e9lien Moquet\",\"description\":\"\",\"publisher\":{\"@id\":\"https:\/\/moquet.org\/#organization\"},\"potentialAction\":[{\"@type\":\"SearchAction\",\"target\":{\"@type\":\"EntryPoint\",\"urlTemplate\":\"https:\/\/moquet.org\/?s={search_term_string}\"},\"query-input\":{\"@type\":\"PropertyValueSpecification\",\"valueRequired\":true,\"valueName\":\"search_term_string\"}}],\"inLanguage\":\"fr-FR\"},{\"@type\":\"Organization\",\"@id\":\"https:\/\/moquet.org\/#organization\",\"name\":\"Aur\u00e9lien Moquet\",\"url\":\"https:\/\/moquet.org\/\",\"logo\":{\"@type\":\"ImageObject\",\"inLanguage\":\"fr-FR\",\"@id\":\"https:\/\/moquet.org\/#\/schema\/logo\/image\/\",\"url\":\"https:\/\/moquet.org\/wp-content\/uploads\/2026\/02\/Signature-AM-Black-Winter_Pen-scaled.png\",\"contentUrl\":\"https:\/\/moquet.org\/wp-content\/uploads\/2026\/02\/Signature-AM-Black-Winter_Pen-scaled.png\",\"width\":2560,\"height\":683,\"caption\":\"Aur\u00e9lien Moquet\"},\"image\":{\"@id\":\"https:\/\/moquet.org\/#\/schema\/logo\/image\/\"},\"sameAs\":[\"https:\/\/www.facebook.com\/profile.php?id=61575096712224&locale=fr_FR\"]},{\"@type\":\"Person\",\"@id\":\"https:\/\/moquet.org\/#\/schema\/person\/a832cfcb2b0691af78e6937c520807e1\",\"name\":\"Aur\u00e9lien\",\"image\":{\"@type\":\"ImageObject\",\"inLanguage\":\"fr-FR\",\"@id\":\"https:\/\/secure.gravatar.com\/avatar\/40e27b35504aca19c441a4ea347182b086b456a730b85cfefd391d690618802f?s=96&d=mm&r=g\",\"url\":\"https:\/\/secure.gravatar.com\/avatar\/40e27b35504aca19c441a4ea347182b086b456a730b85cfefd391d690618802f?s=96&d=mm&r=g\",\"contentUrl\":\"https:\/\/secure.gravatar.com\/avatar\/40e27b35504aca19c441a4ea347182b086b456a730b85cfefd391d690618802f?s=96&d=mm&r=g\",\"caption\":\"Aur\u00e9lien\"},\"sameAs\":[\"http:\/\/moquet.org\"],\"url\":\"https:\/\/moquet.org\/index.php\/author\/admin4682\/\"}]}<\/script>\n<!-- \/ Yoast SEO plugin. -->","yoast_head_json":{"title":"Lac d'Allos - Aur\u00e9lien Moquet","robots":{"index":"index","follow":"follow","max-snippet":"max-snippet:-1","max-image-preview":"max-image-preview:large","max-video-preview":"max-video-preview:-1"},"canonical":"https:\/\/moquet.org\/index.php\/2023\/04\/29\/lac-dallos\/","og_locale":"fr_FR","og_type":"article","og_title":"Lac d'Allos - Aur\u00e9lien Moquet","og_description":"Situ\u00e9 dans le parc national du Mercantour, \u00e0 2200m d&rsquo;altitude, l&rsquo;endroit est juste magnifique en hiver, lorsque le lac est gel\u00e9. Au d\u00e9part, du parking (du bas), il faut compter sur 750m de d\u00e9nivel\u00e9 positif pour atteindre la lac. En avril, lorsque l&rsquo;hiver disparait et qu&rsquo;il n&rsquo;y a pas encore trop de monde, on peut [&hellip;]","og_url":"https:\/\/moquet.org\/index.php\/2023\/04\/29\/lac-dallos\/","og_site_name":"Aur\u00e9lien Moquet","article_publisher":"https:\/\/www.facebook.com\/profile.php?id=61575096712224&locale=fr_FR","article_published_time":"2023-04-29T14:36:52+00:00","article_modified_time":"2024-11-30T16:00:16+00:00","og_image":[{"width":1600,"height":1200,"url":"https:\/\/moquet.org\/wp-content\/uploads\/2024\/11\/Allos1.jpg","type":"image\/jpeg"}],"author":"Aur\u00e9lien","twitter_card":"summary_large_image","twitter_misc":{"\u00c9crit par":"Aur\u00e9lien"},"schema":{"@context":"https:\/\/schema.org","@graph":[{"@type":"Article","@id":"https:\/\/moquet.org\/index.php\/2023\/04\/29\/lac-dallos\/#article","isPartOf":{"@id":"https:\/\/moquet.org\/index.php\/2023\/04\/29\/lac-dallos\/"},"author":{"name":"Aur\u00e9lien","@id":"https:\/\/moquet.org\/#\/schema\/person\/a832cfcb2b0691af78e6937c520807e1"},"headline":"Lac d&rsquo;Allos","datePublished":"2023-04-29T14:36:52+00:00","dateModified":"2024-11-30T16:00:16+00:00","mainEntityOfPage":{"@id":"https:\/\/moquet.org\/index.php\/2023\/04\/29\/lac-dallos\/"},"wordCount":74,"publisher":{"@id":"https:\/\/moquet.org\/#organization"},"image":{"@id":"https:\/\/moquet.org\/index.php\/2023\/04\/29\/lac-dallos\/#primaryimage"},"thumbnailUrl":"https:\/\/moquet.org\/wp-content\/uploads\/2024\/11\/Allos1.jpg","articleSection":["Id\u00e9e rando"],"inLanguage":"fr-FR"},{"@type":"WebPage","@id":"https:\/\/moquet.org\/index.php\/2023\/04\/29\/lac-dallos\/","url":"https:\/\/moquet.org\/index.php\/2023\/04\/29\/lac-dallos\/","name":"Lac d'Allos - Aur\u00e9lien Moquet","isPartOf":{"@id":"https:\/\/moquet.org\/#website"},"primaryImageOfPage":{"@id":"https:\/\/moquet.org\/index.php\/2023\/04\/29\/lac-dallos\/#primaryimage"},"image":{"@id":"https:\/\/moquet.org\/index.php\/2023\/04\/29\/lac-dallos\/#primaryimage"},"thumbnailUrl":"https:\/\/moquet.org\/wp-content\/uploads\/2024\/11\/Allos1.jpg","datePublished":"2023-04-29T14:36:52+00:00","dateModified":"2024-11-30T16:00:16+00:00","breadcrumb":{"@id":"https:\/\/moquet.org\/index.php\/2023\/04\/29\/lac-dallos\/#breadcrumb"},"inLanguage":"fr-FR","potentialAction":[{"@type":"ReadAction","target":["https:\/\/moquet.org\/index.php\/2023\/04\/29\/lac-dallos\/"]}]},{"@type":"ImageObject","inLanguage":"fr-FR","@id":"https:\/\/moquet.org\/index.php\/2023\/04\/29\/lac-dallos\/#primaryimage","url":"https:\/\/moquet.org\/wp-content\/uploads\/2024\/11\/Allos1.jpg","contentUrl":"https:\/\/moquet.org\/wp-content\/uploads\/2024\/11\/Allos1.jpg","width":1600,"height":1200,"caption":"Lac d'Allos"},{"@type":"BreadcrumbList","@id":"https:\/\/moquet.org\/index.php\/2023\/04\/29\/lac-dallos\/#breadcrumb","itemListElement":[{"@type":"ListItem","position":1,"name":"Accueil","item":"https:\/\/moquet.org\/"},{"@type":"ListItem","position":2,"name":"Lac d&rsquo;Allos"}]},{"@type":"WebSite","@id":"https:\/\/moquet.org\/#website","url":"https:\/\/moquet.org\/","name":"Aur\u00e9lien Moquet","description":"","publisher":{"@id":"https:\/\/moquet.org\/#organization"},"potentialAction":[{"@type":"SearchAction","target":{"@type":"EntryPoint","urlTemplate":"https:\/\/moquet.org\/?s={search_term_string}"},"query-input":{"@type":"PropertyValueSpecification","valueRequired":true,"valueName":"search_term_string"}}],"inLanguage":"fr-FR"},{"@type":"Organization","@id":"https:\/\/moquet.org\/#organization","name":"Aur\u00e9lien Moquet","url":"https:\/\/moquet.org\/","logo":{"@type":"ImageObject","inLanguage":"fr-FR","@id":"https:\/\/moquet.org\/#\/schema\/logo\/image\/","url":"https:\/\/moquet.org\/wp-content\/uploads\/2026\/02\/Signature-AM-Black-Winter_Pen-scaled.png","contentUrl":"https:\/\/moquet.org\/wp-content\/uploads\/2026\/02\/Signature-AM-Black-Winter_Pen-scaled.png","width":2560,"height":683,"caption":"Aur\u00e9lien Moquet"},"image":{"@id":"https:\/\/moquet.org\/#\/schema\/logo\/image\/"},"sameAs":["https:\/\/www.facebook.com\/profile.php?id=61575096712224&locale=fr_FR"]},{"@type":"Person","@id":"https:\/\/moquet.org\/#\/schema\/person\/a832cfcb2b0691af78e6937c520807e1","name":"Aur\u00e9lien","image":{"@type":"ImageObject","inLanguage":"fr-FR","@id":"https:\/\/secure.gravatar.com\/avatar\/40e27b35504aca19c441a4ea347182b086b456a730b85cfefd391d690618802f?s=96&d=mm&r=g","url":"https:\/\/secure.gravatar.com\/avatar\/40e27b35504aca19c441a4ea347182b086b456a730b85cfefd391d690618802f?s=96&d=mm&r=g","contentUrl":"https:\/\/secure.gravatar.com\/avatar\/40e27b35504aca19c441a4ea347182b086b456a730b85cfefd391d690618802f?s=96&d=mm&r=g","caption":"Aur\u00e9lien"},"sameAs":["http:\/\/moquet.org"],"url":"https:\/\/moquet.org\/index.php\/author\/admin4682\/"}]}},"_links":{"self":[{"href":"https:\/\/moquet.org\/index.php\/wp-json\/wp\/v2\/posts\/218","targetHints":{"allow":["GET"]}}],"collection":[{"href":"https:\/\/moquet.org\/index.php\/wp-json\/wp\/v2\/posts"}],"about":[{"href":"https:\/\/moquet.org\/index.php\/wp-json\/wp\/v2\/types\/post"}],"author":[{"embeddable":true,"href":"https:\/\/moquet.org\/index.php\/wp-json\/wp\/v2\/users\/1"}],"replies":[{"embeddable":true,"href":"https:\/\/moquet.org\/index.php\/wp-json\/wp\/v2\/comments?post=218"}],"version-history":[{"count":0,"href":"https:\/\/moquet.org\/index.php\/wp-json\/wp\/v2\/posts\/218\/revisions"}],"wp:featuredmedia":[{"embeddable":true,"href":"https:\/\/moquet.org\/index.php\/wp-json\/wp\/v2\/media\/219"}],"wp:attachment":[{"href":"https:\/\/moquet.org\/index.php\/wp-json\/wp\/v2\/media?parent=218"}],"wp:term":[{"taxonomy":"category","embeddable":true,"href":"https:\/\/moquet.org\/index.php\/wp-json\/wp\/v2\/categories?post=218"},{"taxonomy":"post_tag","embeddable":true,"href":"https:\/\/moquet.org\/index.php\/wp-json\/wp\/v2\/tags?post=218"}],"curies":[{"name":"wp","href":"https:\/\/api.w.org\/{rel}","templated":true}]}}