{"id":305,"date":"2023-11-26T00:18:15","date_gmt":"2023-11-25T23:18:15","guid":{"rendered":"https:\/\/moquet.org\/?p=305"},"modified":"2024-11-30T16:59:23","modified_gmt":"2024-11-30T15:59:23","slug":"les-gorges-du-verdon","status":"publish","type":"post","link":"https:\/\/moquet.org\/index.php\/2023\/11\/26\/les-gorges-du-verdon\/","title":{"rendered":"Les Gorges du Verdon"},"content":{"rendered":"\n<p>Le sentier du garde canal est une randonn\u00e9e de 9,9 km qui longe les basses gorges du Verdon<\/p>\n\n\n\n<p>Abandonn\u00e9 dans les ann\u00e9es 60, le canal est aujourd&rsquo;hui \u00e0 sec, mais les structures qui permettaient de le suivre continuent d&rsquo;\u00eatre parfaitement entretenues pour le bonheur des promeneurs. Cet am\u00e9nagement de passerelles et d&rsquo;escaliers m\u00e9talliques permet de longer sans difficult\u00e9 les parois escarp\u00e9es des basses gorges et cr\u00e9e d&rsquo;incroyables balcons au-dessus des eaux cristallines qui serpentent au fond du canyon.<\/p>\n\n\n\n<figure class=\"wp-block-gallery has-nested-images columns-default is-cropped wp-block-gallery-1 is-layout-flex wp-block-gallery-is-layout-flex\">\n<figure class=\"wp-block-image size-large\"><a href=\"https:\/\/moquet.org\/wp-content\/uploads\/2024\/11\/sentier-garde_canal1.jpg\"><img loading=\"lazy\" decoding=\"async\" width=\"576\" height=\"1024\" data-id=\"306\" src=\"https:\/\/moquet.org\/wp-content\/uploads\/2024\/11\/sentier-garde_canal1-576x1024.jpg\" alt=\"\" class=\"wp-image-306\" srcset=\"https:\/\/moquet.org\/wp-content\/uploads\/2024\/11\/sentier-garde_canal1-576x1024.jpg 576w, https:\/\/moquet.org\/wp-content\/uploads\/2024\/11\/sentier-garde_canal1-169x300.jpg 169w, https:\/\/moquet.org\/wp-content\/uploads\/2024\/11\/sentier-garde_canal1-768x1365.jpg 768w, https:\/\/moquet.org\/wp-content\/uploads\/2024\/11\/sentier-garde_canal1-864x1536.jpg 864w, https:\/\/moquet.org\/wp-content\/uploads\/2024\/11\/sentier-garde_canal1.jpg 900w\" sizes=\"auto, (max-width: 576px) 100vw, 576px\" \/><\/a><\/figure>\n\n\n\n<figure class=\"wp-block-image size-large\"><a href=\"https:\/\/moquet.org\/wp-content\/uploads\/2024\/11\/sentier-garde-canal2.jpg\"><img loading=\"lazy\" decoding=\"async\" width=\"768\" height=\"1024\" data-id=\"307\" src=\"https:\/\/moquet.org\/wp-content\/uploads\/2024\/11\/sentier-garde-canal2-768x1024.jpg\" alt=\"\" class=\"wp-image-307\" srcset=\"https:\/\/moquet.org\/wp-content\/uploads\/2024\/11\/sentier-garde-canal2-768x1024.jpg 768w, https:\/\/moquet.org\/wp-content\/uploads\/2024\/11\/sentier-garde-canal2-225x300.jpg 225w, https:\/\/moquet.org\/wp-content\/uploads\/2024\/11\/sentier-garde-canal2.jpg 900w\" sizes=\"auto, (max-width: 768px) 100vw, 768px\" \/><\/a><\/figure>\n\n\n\n<figure class=\"wp-block-image size-large\"><a href=\"https:\/\/moquet.org\/wp-content\/uploads\/2024\/11\/sentier-garde-canal3.jpg\"><img loading=\"lazy\" decoding=\"async\" width=\"576\" height=\"1024\" data-id=\"308\" src=\"https:\/\/moquet.org\/wp-content\/uploads\/2024\/11\/sentier-garde-canal3-576x1024.jpg\" alt=\"\" class=\"wp-image-308\" srcset=\"https:\/\/moquet.org\/wp-content\/uploads\/2024\/11\/sentier-garde-canal3-576x1024.jpg 576w, https:\/\/moquet.org\/wp-content\/uploads\/2024\/11\/sentier-garde-canal3-169x300.jpg 169w, https:\/\/moquet.org\/wp-content\/uploads\/2024\/11\/sentier-garde-canal3-768x1365.jpg 768w, https:\/\/moquet.org\/wp-content\/uploads\/2024\/11\/sentier-garde-canal3-864x1536.jpg 864w, https:\/\/moquet.org\/wp-content\/uploads\/2024\/11\/sentier-garde-canal3.jpg 900w\" sizes=\"auto, (max-width: 576px) 100vw, 576px\" \/><\/a><\/figure>\n\n\n\n<figure class=\"wp-block-image size-large\"><a href=\"https:\/\/moquet.org\/wp-content\/uploads\/2024\/11\/sentier-garde-canal4.jpg\"><img loading=\"lazy\" decoding=\"async\" width=\"577\" height=\"1024\" data-id=\"309\" src=\"https:\/\/moquet.org\/wp-content\/uploads\/2024\/11\/sentier-garde-canal4-577x1024.jpg\" alt=\"\" class=\"wp-image-309\" srcset=\"https:\/\/moquet.org\/wp-content\/uploads\/2024\/11\/sentier-garde-canal4-577x1024.jpg 577w, https:\/\/moquet.org\/wp-content\/uploads\/2024\/11\/sentier-garde-canal4-169x300.jpg 169w, https:\/\/moquet.org\/wp-content\/uploads\/2024\/11\/sentier-garde-canal4-768x1362.jpg 768w, https:\/\/moquet.org\/wp-content\/uploads\/2024\/11\/sentier-garde-canal4-866x1536.jpg 866w, https:\/\/moquet.org\/wp-content\/uploads\/2024\/11\/sentier-garde-canal4.jpg 902w\" sizes=\"auto, (max-width: 577px) 100vw, 577px\" \/><\/a><\/figure>\n\n\n\n<figure class=\"wp-block-image size-large\"><a href=\"https:\/\/moquet.org\/wp-content\/uploads\/2024\/11\/sentier-garde-canal5.jpg\"><img loading=\"lazy\" decoding=\"async\" width=\"1024\" height=\"576\" data-id=\"310\" src=\"https:\/\/moquet.org\/wp-content\/uploads\/2024\/11\/sentier-garde-canal5-1024x576.jpg\" alt=\"\" class=\"wp-image-310\" srcset=\"https:\/\/moquet.org\/wp-content\/uploads\/2024\/11\/sentier-garde-canal5-1024x576.jpg 1024w, https:\/\/moquet.org\/wp-content\/uploads\/2024\/11\/sentier-garde-canal5-300x169.jpg 300w, https:\/\/moquet.org\/wp-content\/uploads\/2024\/11\/sentier-garde-canal5-768x432.jpg 768w, https:\/\/moquet.org\/wp-content\/uploads\/2024\/11\/sentier-garde-canal5-1536x864.jpg 1536w, https:\/\/moquet.org\/wp-content\/uploads\/2024\/11\/sentier-garde-canal5.jpg 1600w\" sizes=\"auto, (max-width: 1024px) 100vw, 1024px\" \/><\/a><\/figure>\n\n\n\n<figure class=\"wp-block-image size-large\"><a href=\"https:\/\/moquet.org\/wp-content\/uploads\/2024\/11\/sentier-garde-canal6.jpg\"><img loading=\"lazy\" decoding=\"async\" width=\"577\" height=\"1024\" data-id=\"311\" src=\"https:\/\/moquet.org\/wp-content\/uploads\/2024\/11\/sentier-garde-canal6-577x1024.jpg\" alt=\"\" class=\"wp-image-311\" srcset=\"https:\/\/moquet.org\/wp-content\/uploads\/2024\/11\/sentier-garde-canal6-577x1024.jpg 577w, https:\/\/moquet.org\/wp-content\/uploads\/2024\/11\/sentier-garde-canal6-169x300.jpg 169w, https:\/\/moquet.org\/wp-content\/uploads\/2024\/11\/sentier-garde-canal6-768x1362.jpg 768w, https:\/\/moquet.org\/wp-content\/uploads\/2024\/11\/sentier-garde-canal6-866x1536.jpg 866w, https:\/\/moquet.org\/wp-content\/uploads\/2024\/11\/sentier-garde-canal6.jpg 902w\" sizes=\"auto, (max-width: 577px) 100vw, 577px\" \/><\/a><\/figure>\n\n\n\n<figure class=\"wp-block-image size-large\"><a href=\"https:\/\/moquet.org\/wp-content\/uploads\/2024\/11\/sentier-garde-canal7.jpg\"><img loading=\"lazy\" decoding=\"async\" width=\"577\" height=\"1024\" data-id=\"312\" src=\"https:\/\/moquet.org\/wp-content\/uploads\/2024\/11\/sentier-garde-canal7-577x1024.jpg\" alt=\"\" class=\"wp-image-312\" srcset=\"https:\/\/moquet.org\/wp-content\/uploads\/2024\/11\/sentier-garde-canal7-577x1024.jpg 577w, https:\/\/moquet.org\/wp-content\/uploads\/2024\/11\/sentier-garde-canal7-169x300.jpg 169w, https:\/\/moquet.org\/wp-content\/uploads\/2024\/11\/sentier-garde-canal7-768x1362.jpg 768w, https:\/\/moquet.org\/wp-content\/uploads\/2024\/11\/sentier-garde-canal7-866x1536.jpg 866w, https:\/\/moquet.org\/wp-content\/uploads\/2024\/11\/sentier-garde-canal7.jpg 902w\" sizes=\"auto, (max-width: 577px) 100vw, 577px\" \/><\/a><\/figure>\n\n\n\n<figure class=\"wp-block-image size-large\"><a href=\"https:\/\/moquet.org\/wp-content\/uploads\/2024\/11\/sentier-garde-canal8.jpg\"><img loading=\"lazy\" decoding=\"async\" width=\"768\" height=\"1024\" data-id=\"313\" src=\"https:\/\/moquet.org\/wp-content\/uploads\/2024\/11\/sentier-garde-canal8-768x1024.jpg\" alt=\"\" class=\"wp-image-313\" srcset=\"https:\/\/moquet.org\/wp-content\/uploads\/2024\/11\/sentier-garde-canal8-768x1024.jpg 768w, https:\/\/moquet.org\/wp-content\/uploads\/2024\/11\/sentier-garde-canal8-225x300.jpg 225w, https:\/\/moquet.org\/wp-content\/uploads\/2024\/11\/sentier-garde-canal8.jpg 900w\" sizes=\"auto, (max-width: 768px) 100vw, 768px\" \/><\/a><\/figure>\n\n\n\n<figure class=\"wp-block-image size-large\"><a href=\"https:\/\/moquet.org\/wp-content\/uploads\/2024\/11\/sentier-garde-canal9.jpg\"><img loading=\"lazy\" decoding=\"async\" width=\"1024\" height=\"768\" data-id=\"314\" src=\"https:\/\/moquet.org\/wp-content\/uploads\/2024\/11\/sentier-garde-canal9-1024x768.jpg\" alt=\"\" class=\"wp-image-314\" srcset=\"https:\/\/moquet.org\/wp-content\/uploads\/2024\/11\/sentier-garde-canal9-1024x768.jpg 1024w, https:\/\/moquet.org\/wp-content\/uploads\/2024\/11\/sentier-garde-canal9-300x225.jpg 300w, https:\/\/moquet.org\/wp-content\/uploads\/2024\/11\/sentier-garde-canal9-768x576.jpg 768w, https:\/\/moquet.org\/wp-content\/uploads\/2024\/11\/sentier-garde-canal9.jpg 1200w\" sizes=\"auto, (max-width: 1024px) 100vw, 1024px\" \/><\/a><\/figure>\n<\/figure>\n\n\n\n<p>NB : Pour la pause \u00ab\u00a0casse-croute\u00a0\u00bb vous risquez de rencontrer quelques ch\u00e8vres sauvages bien gourmandes<\/p>\n\n\n\n<center> <iframe loading=\"lazy\" width=\"100%\" height=\"300px\" frameborder=\"0\" allowfullscreen allow=\"geolocation\" src=\"\/\/umap.openstreetmap.fr\/fr\/map\/sentier-du-garde-canal_1146089?scaleControl=false&#038;miniMap=false&#038;scrollWheelZoom=false&#038;zoomControl=true&#038;editMode=disabled&#038;moreControl=true&#038;searchControl=null&#038;tilelayersControl=null&#038;embedControl=null&#038;datalayersControl=true&#038;onLoadPanel=none&#038;captionBar=false&#038;captionMenus=true\"><\/iframe><p><a href=\"\/\/umap.openstreetmap.fr\/fr\/map\/sentier-du-garde-canal_1146089?scaleControl=false&#038;miniMap=false&#038;scrollWheelZoom=true&#038;zoomControl=true&#038;editMode=disabled&#038;moreControl=true&#038;searchControl=null&#038;tilelayersControl=null&#038;embedControl=null&#038;datalayersControl=true&#038;onLoadPanel=none&#038;captionBar=false&#038;captionMenus=true\">Voir en plein \u00e9cran<\/a><\/p> <\/center>\n","protected":false},"excerpt":{"rendered":"<p>Le sentier du garde canal est une randonn\u00e9e de 9,9 km qui longe les basses gorges du Verdon Abandonn\u00e9 dans les ann\u00e9es 60, le canal est aujourd&rsquo;hui \u00e0 sec, mais les structures qui permettaient de le suivre continuent d&rsquo;\u00eatre parfaitement entretenues pour le bonheur des promeneurs. Cet am\u00e9nagement de passerelles et d&rsquo;escaliers m\u00e9talliques permet de [&hellip;]<\/p>\n","protected":false},"author":1,"featured_media":307,"comment_status":"closed","ping_status":"open","sticky":false,"template":"","format":"standard","meta":{"footnotes":""},"categories":[9],"tags":[],"class_list":["post-305","post","type-post","status-publish","format-standard","has-post-thumbnail","hentry","category-idee-rando"],"yoast_head":"<!-- This site is optimized with the Yoast SEO plugin v27.2 - https:\/\/yoast.com\/product\/yoast-seo-wordpress\/ -->\n<title>Les Gorges du Verdon - Aur\u00e9lien Moquet<\/title>\n<meta name=\"robots\" content=\"index, follow, max-snippet:-1, max-image-preview:large, max-video-preview:-1\" \/>\n<link rel=\"canonical\" href=\"https:\/\/moquet.org\/index.php\/2023\/11\/26\/les-gorges-du-verdon\/\" \/>\n<meta property=\"og:locale\" content=\"fr_FR\" \/>\n<meta property=\"og:type\" content=\"article\" \/>\n<meta property=\"og:title\" content=\"Les Gorges du Verdon - Aur\u00e9lien Moquet\" \/>\n<meta property=\"og:description\" content=\"Le sentier du garde canal est une randonn\u00e9e de 9,9 km qui longe les basses gorges du Verdon Abandonn\u00e9 dans les ann\u00e9es 60, le canal est aujourd&rsquo;hui \u00e0 sec, mais les structures qui permettaient de le suivre continuent d&rsquo;\u00eatre parfaitement entretenues pour le bonheur des promeneurs. Cet am\u00e9nagement de passerelles et d&rsquo;escaliers m\u00e9talliques permet de [&hellip;]\" \/>\n<meta property=\"og:url\" content=\"https:\/\/moquet.org\/index.php\/2023\/11\/26\/les-gorges-du-verdon\/\" \/>\n<meta property=\"og:site_name\" content=\"Aur\u00e9lien Moquet\" \/>\n<meta property=\"article:publisher\" content=\"https:\/\/www.facebook.com\/profile.php?id=61575096712224&amp;locale=fr_FR\" \/>\n<meta property=\"article:published_time\" content=\"2023-11-25T23:18:15+00:00\" \/>\n<meta property=\"article:modified_time\" content=\"2024-11-30T15:59:23+00:00\" \/>\n<meta property=\"og:image\" content=\"https:\/\/moquet.org\/wp-content\/uploads\/2024\/11\/sentier-garde-canal2.jpg\" \/>\n\t<meta property=\"og:image:width\" content=\"900\" \/>\n\t<meta property=\"og:image:height\" content=\"1200\" \/>\n\t<meta property=\"og:image:type\" content=\"image\/jpeg\" \/>\n<meta name=\"author\" content=\"Aur\u00e9lien\" \/>\n<meta name=\"twitter:card\" content=\"summary_large_image\" \/>\n<meta name=\"twitter:label1\" content=\"\u00c9crit par\" \/>\n\t<meta name=\"twitter:data1\" content=\"Aur\u00e9lien\" \/>\n\t<meta name=\"twitter:label2\" content=\"Dur\u00e9e de lecture estim\u00e9e\" \/>\n\t<meta name=\"twitter:data2\" content=\"1 minute\" \/>\n<script type=\"application\/ld+json\" class=\"yoast-schema-graph\">{\"@context\":\"https:\/\/schema.org\",\"@graph\":[{\"@type\":\"Article\",\"@id\":\"https:\/\/moquet.org\/index.php\/2023\/11\/26\/les-gorges-du-verdon\/#article\",\"isPartOf\":{\"@id\":\"https:\/\/moquet.org\/index.php\/2023\/11\/26\/les-gorges-du-verdon\/\"},\"author\":{\"name\":\"Aur\u00e9lien\",\"@id\":\"https:\/\/moquet.org\/#\/schema\/person\/a832cfcb2b0691af78e6937c520807e1\"},\"headline\":\"Les Gorges du Verdon\",\"datePublished\":\"2023-11-25T23:18:15+00:00\",\"dateModified\":\"2024-11-30T15:59:23+00:00\",\"mainEntityOfPage\":{\"@id\":\"https:\/\/moquet.org\/index.php\/2023\/11\/26\/les-gorges-du-verdon\/\"},\"wordCount\":108,\"publisher\":{\"@id\":\"https:\/\/moquet.org\/#organization\"},\"image\":{\"@id\":\"https:\/\/moquet.org\/index.php\/2023\/11\/26\/les-gorges-du-verdon\/#primaryimage\"},\"thumbnailUrl\":\"https:\/\/moquet.org\/wp-content\/uploads\/2024\/11\/sentier-garde-canal2.jpg\",\"articleSection\":[\"Id\u00e9e rando\"],\"inLanguage\":\"fr-FR\"},{\"@type\":\"WebPage\",\"@id\":\"https:\/\/moquet.org\/index.php\/2023\/11\/26\/les-gorges-du-verdon\/\",\"url\":\"https:\/\/moquet.org\/index.php\/2023\/11\/26\/les-gorges-du-verdon\/\",\"name\":\"Les Gorges du Verdon - Aur\u00e9lien Moquet\",\"isPartOf\":{\"@id\":\"https:\/\/moquet.org\/#website\"},\"primaryImageOfPage\":{\"@id\":\"https:\/\/moquet.org\/index.php\/2023\/11\/26\/les-gorges-du-verdon\/#primaryimage\"},\"image\":{\"@id\":\"https:\/\/moquet.org\/index.php\/2023\/11\/26\/les-gorges-du-verdon\/#primaryimage\"},\"thumbnailUrl\":\"https:\/\/moquet.org\/wp-content\/uploads\/2024\/11\/sentier-garde-canal2.jpg\",\"datePublished\":\"2023-11-25T23:18:15+00:00\",\"dateModified\":\"2024-11-30T15:59:23+00:00\",\"breadcrumb\":{\"@id\":\"https:\/\/moquet.org\/index.php\/2023\/11\/26\/les-gorges-du-verdon\/#breadcrumb\"},\"inLanguage\":\"fr-FR\",\"potentialAction\":[{\"@type\":\"ReadAction\",\"target\":[\"https:\/\/moquet.org\/index.php\/2023\/11\/26\/les-gorges-du-verdon\/\"]}]},{\"@type\":\"ImageObject\",\"inLanguage\":\"fr-FR\",\"@id\":\"https:\/\/moquet.org\/index.php\/2023\/11\/26\/les-gorges-du-verdon\/#primaryimage\",\"url\":\"https:\/\/moquet.org\/wp-content\/uploads\/2024\/11\/sentier-garde-canal2.jpg\",\"contentUrl\":\"https:\/\/moquet.org\/wp-content\/uploads\/2024\/11\/sentier-garde-canal2.jpg\",\"width\":900,\"height\":1200},{\"@type\":\"BreadcrumbList\",\"@id\":\"https:\/\/moquet.org\/index.php\/2023\/11\/26\/les-gorges-du-verdon\/#breadcrumb\",\"itemListElement\":[{\"@type\":\"ListItem\",\"position\":1,\"name\":\"Accueil\",\"item\":\"https:\/\/moquet.org\/\"},{\"@type\":\"ListItem\",\"position\":2,\"name\":\"Les Gorges du Verdon\"}]},{\"@type\":\"WebSite\",\"@id\":\"https:\/\/moquet.org\/#website\",\"url\":\"https:\/\/moquet.org\/\",\"name\":\"Aur\u00e9lien Moquet\",\"description\":\"\",\"publisher\":{\"@id\":\"https:\/\/moquet.org\/#organization\"},\"potentialAction\":[{\"@type\":\"SearchAction\",\"target\":{\"@type\":\"EntryPoint\",\"urlTemplate\":\"https:\/\/moquet.org\/?s={search_term_string}\"},\"query-input\":{\"@type\":\"PropertyValueSpecification\",\"valueRequired\":true,\"valueName\":\"search_term_string\"}}],\"inLanguage\":\"fr-FR\"},{\"@type\":\"Organization\",\"@id\":\"https:\/\/moquet.org\/#organization\",\"name\":\"Aur\u00e9lien Moquet\",\"url\":\"https:\/\/moquet.org\/\",\"logo\":{\"@type\":\"ImageObject\",\"inLanguage\":\"fr-FR\",\"@id\":\"https:\/\/moquet.org\/#\/schema\/logo\/image\/\",\"url\":\"https:\/\/moquet.org\/wp-content\/uploads\/2026\/02\/Signature-AM-Black-Winter_Pen-scaled.png\",\"contentUrl\":\"https:\/\/moquet.org\/wp-content\/uploads\/2026\/02\/Signature-AM-Black-Winter_Pen-scaled.png\",\"width\":2560,\"height\":683,\"caption\":\"Aur\u00e9lien Moquet\"},\"image\":{\"@id\":\"https:\/\/moquet.org\/#\/schema\/logo\/image\/\"},\"sameAs\":[\"https:\/\/www.facebook.com\/profile.php?id=61575096712224&locale=fr_FR\"]},{\"@type\":\"Person\",\"@id\":\"https:\/\/moquet.org\/#\/schema\/person\/a832cfcb2b0691af78e6937c520807e1\",\"name\":\"Aur\u00e9lien\",\"image\":{\"@type\":\"ImageObject\",\"inLanguage\":\"fr-FR\",\"@id\":\"https:\/\/secure.gravatar.com\/avatar\/40e27b35504aca19c441a4ea347182b086b456a730b85cfefd391d690618802f?s=96&d=mm&r=g\",\"url\":\"https:\/\/secure.gravatar.com\/avatar\/40e27b35504aca19c441a4ea347182b086b456a730b85cfefd391d690618802f?s=96&d=mm&r=g\",\"contentUrl\":\"https:\/\/secure.gravatar.com\/avatar\/40e27b35504aca19c441a4ea347182b086b456a730b85cfefd391d690618802f?s=96&d=mm&r=g\",\"caption\":\"Aur\u00e9lien\"},\"sameAs\":[\"http:\/\/moquet.org\"],\"url\":\"https:\/\/moquet.org\/index.php\/author\/admin4682\/\"}]}<\/script>\n<!-- \/ Yoast SEO plugin. -->","yoast_head_json":{"title":"Les Gorges du Verdon - Aur\u00e9lien Moquet","robots":{"index":"index","follow":"follow","max-snippet":"max-snippet:-1","max-image-preview":"max-image-preview:large","max-video-preview":"max-video-preview:-1"},"canonical":"https:\/\/moquet.org\/index.php\/2023\/11\/26\/les-gorges-du-verdon\/","og_locale":"fr_FR","og_type":"article","og_title":"Les Gorges du Verdon - Aur\u00e9lien Moquet","og_description":"Le sentier du garde canal est une randonn\u00e9e de 9,9 km qui longe les basses gorges du Verdon Abandonn\u00e9 dans les ann\u00e9es 60, le canal est aujourd&rsquo;hui \u00e0 sec, mais les structures qui permettaient de le suivre continuent d&rsquo;\u00eatre parfaitement entretenues pour le bonheur des promeneurs. Cet am\u00e9nagement de passerelles et d&rsquo;escaliers m\u00e9talliques permet de [&hellip;]","og_url":"https:\/\/moquet.org\/index.php\/2023\/11\/26\/les-gorges-du-verdon\/","og_site_name":"Aur\u00e9lien Moquet","article_publisher":"https:\/\/www.facebook.com\/profile.php?id=61575096712224&locale=fr_FR","article_published_time":"2023-11-25T23:18:15+00:00","article_modified_time":"2024-11-30T15:59:23+00:00","og_image":[{"width":900,"height":1200,"url":"https:\/\/moquet.org\/wp-content\/uploads\/2024\/11\/sentier-garde-canal2.jpg","type":"image\/jpeg"}],"author":"Aur\u00e9lien","twitter_card":"summary_large_image","twitter_misc":{"\u00c9crit par":"Aur\u00e9lien","Dur\u00e9e de lecture estim\u00e9e":"1 minute"},"schema":{"@context":"https:\/\/schema.org","@graph":[{"@type":"Article","@id":"https:\/\/moquet.org\/index.php\/2023\/11\/26\/les-gorges-du-verdon\/#article","isPartOf":{"@id":"https:\/\/moquet.org\/index.php\/2023\/11\/26\/les-gorges-du-verdon\/"},"author":{"name":"Aur\u00e9lien","@id":"https:\/\/moquet.org\/#\/schema\/person\/a832cfcb2b0691af78e6937c520807e1"},"headline":"Les Gorges du Verdon","datePublished":"2023-11-25T23:18:15+00:00","dateModified":"2024-11-30T15:59:23+00:00","mainEntityOfPage":{"@id":"https:\/\/moquet.org\/index.php\/2023\/11\/26\/les-gorges-du-verdon\/"},"wordCount":108,"publisher":{"@id":"https:\/\/moquet.org\/#organization"},"image":{"@id":"https:\/\/moquet.org\/index.php\/2023\/11\/26\/les-gorges-du-verdon\/#primaryimage"},"thumbnailUrl":"https:\/\/moquet.org\/wp-content\/uploads\/2024\/11\/sentier-garde-canal2.jpg","articleSection":["Id\u00e9e rando"],"inLanguage":"fr-FR"},{"@type":"WebPage","@id":"https:\/\/moquet.org\/index.php\/2023\/11\/26\/les-gorges-du-verdon\/","url":"https:\/\/moquet.org\/index.php\/2023\/11\/26\/les-gorges-du-verdon\/","name":"Les Gorges du Verdon - Aur\u00e9lien Moquet","isPartOf":{"@id":"https:\/\/moquet.org\/#website"},"primaryImageOfPage":{"@id":"https:\/\/moquet.org\/index.php\/2023\/11\/26\/les-gorges-du-verdon\/#primaryimage"},"image":{"@id":"https:\/\/moquet.org\/index.php\/2023\/11\/26\/les-gorges-du-verdon\/#primaryimage"},"thumbnailUrl":"https:\/\/moquet.org\/wp-content\/uploads\/2024\/11\/sentier-garde-canal2.jpg","datePublished":"2023-11-25T23:18:15+00:00","dateModified":"2024-11-30T15:59:23+00:00","breadcrumb":{"@id":"https:\/\/moquet.org\/index.php\/2023\/11\/26\/les-gorges-du-verdon\/#breadcrumb"},"inLanguage":"fr-FR","potentialAction":[{"@type":"ReadAction","target":["https:\/\/moquet.org\/index.php\/2023\/11\/26\/les-gorges-du-verdon\/"]}]},{"@type":"ImageObject","inLanguage":"fr-FR","@id":"https:\/\/moquet.org\/index.php\/2023\/11\/26\/les-gorges-du-verdon\/#primaryimage","url":"https:\/\/moquet.org\/wp-content\/uploads\/2024\/11\/sentier-garde-canal2.jpg","contentUrl":"https:\/\/moquet.org\/wp-content\/uploads\/2024\/11\/sentier-garde-canal2.jpg","width":900,"height":1200},{"@type":"BreadcrumbList","@id":"https:\/\/moquet.org\/index.php\/2023\/11\/26\/les-gorges-du-verdon\/#breadcrumb","itemListElement":[{"@type":"ListItem","position":1,"name":"Accueil","item":"https:\/\/moquet.org\/"},{"@type":"ListItem","position":2,"name":"Les Gorges du Verdon"}]},{"@type":"WebSite","@id":"https:\/\/moquet.org\/#website","url":"https:\/\/moquet.org\/","name":"Aur\u00e9lien Moquet","description":"","publisher":{"@id":"https:\/\/moquet.org\/#organization"},"potentialAction":[{"@type":"SearchAction","target":{"@type":"EntryPoint","urlTemplate":"https:\/\/moquet.org\/?s={search_term_string}"},"query-input":{"@type":"PropertyValueSpecification","valueRequired":true,"valueName":"search_term_string"}}],"inLanguage":"fr-FR"},{"@type":"Organization","@id":"https:\/\/moquet.org\/#organization","name":"Aur\u00e9lien Moquet","url":"https:\/\/moquet.org\/","logo":{"@type":"ImageObject","inLanguage":"fr-FR","@id":"https:\/\/moquet.org\/#\/schema\/logo\/image\/","url":"https:\/\/moquet.org\/wp-content\/uploads\/2026\/02\/Signature-AM-Black-Winter_Pen-scaled.png","contentUrl":"https:\/\/moquet.org\/wp-content\/uploads\/2026\/02\/Signature-AM-Black-Winter_Pen-scaled.png","width":2560,"height":683,"caption":"Aur\u00e9lien Moquet"},"image":{"@id":"https:\/\/moquet.org\/#\/schema\/logo\/image\/"},"sameAs":["https:\/\/www.facebook.com\/profile.php?id=61575096712224&locale=fr_FR"]},{"@type":"Person","@id":"https:\/\/moquet.org\/#\/schema\/person\/a832cfcb2b0691af78e6937c520807e1","name":"Aur\u00e9lien","image":{"@type":"ImageObject","inLanguage":"fr-FR","@id":"https:\/\/secure.gravatar.com\/avatar\/40e27b35504aca19c441a4ea347182b086b456a730b85cfefd391d690618802f?s=96&d=mm&r=g","url":"https:\/\/secure.gravatar.com\/avatar\/40e27b35504aca19c441a4ea347182b086b456a730b85cfefd391d690618802f?s=96&d=mm&r=g","contentUrl":"https:\/\/secure.gravatar.com\/avatar\/40e27b35504aca19c441a4ea347182b086b456a730b85cfefd391d690618802f?s=96&d=mm&r=g","caption":"Aur\u00e9lien"},"sameAs":["http:\/\/moquet.org"],"url":"https:\/\/moquet.org\/index.php\/author\/admin4682\/"}]}},"_links":{"self":[{"href":"https:\/\/moquet.org\/index.php\/wp-json\/wp\/v2\/posts\/305","targetHints":{"allow":["GET"]}}],"collection":[{"href":"https:\/\/moquet.org\/index.php\/wp-json\/wp\/v2\/posts"}],"about":[{"href":"https:\/\/moquet.org\/index.php\/wp-json\/wp\/v2\/types\/post"}],"author":[{"embeddable":true,"href":"https:\/\/moquet.org\/index.php\/wp-json\/wp\/v2\/users\/1"}],"replies":[{"embeddable":true,"href":"https:\/\/moquet.org\/index.php\/wp-json\/wp\/v2\/comments?post=305"}],"version-history":[{"count":0,"href":"https:\/\/moquet.org\/index.php\/wp-json\/wp\/v2\/posts\/305\/revisions"}],"wp:featuredmedia":[{"embeddable":true,"href":"https:\/\/moquet.org\/index.php\/wp-json\/wp\/v2\/media\/307"}],"wp:attachment":[{"href":"https:\/\/moquet.org\/index.php\/wp-json\/wp\/v2\/media?parent=305"}],"wp:term":[{"taxonomy":"category","embeddable":true,"href":"https:\/\/moquet.org\/index.php\/wp-json\/wp\/v2\/categories?post=305"},{"taxonomy":"post_tag","embeddable":true,"href":"https:\/\/moquet.org\/index.php\/wp-json\/wp\/v2\/tags?post=305"}],"curies":[{"name":"wp","href":"https:\/\/api.w.org\/{rel}","templated":true}]}}