{"id":417,"date":"2018-09-30T15:19:50","date_gmt":"2018-09-30T13:19:50","guid":{"rendered":"https:\/\/moquet.org\/?p=417"},"modified":"2024-12-01T15:20:36","modified_gmt":"2024-12-01T14:20:36","slug":"lac-de-roselend-via-ferrata-le-roc-du-vent","status":"publish","type":"post","link":"https:\/\/moquet.org\/index.php\/2018\/09\/30\/lac-de-roselend-via-ferrata-le-roc-du-vent\/","title":{"rendered":"Lac de Roselend &#8211; Via Ferrata : Le Roc du Vent"},"content":{"rendered":"\n<p>Le Beaufortain, pays de lacs et barrages. Celui de Roselend est situ\u00e9 \u00e0 1 600 m\u00e8tres d\u2019altitude.<\/p>\n\n\n\n<p>Vous trouverez plusieurs randos au d\u00e9part du lac, comme le tour du lac avec une boucle de 15,7 km, mais surtout la Via Ferreta : Le Roc du Vent<\/p>\n\n\n\n<p>Marche d\u2019approche de 1h et via ferrata en 4h avec un pont de singe.<\/p>\n\n\n\n<figure class=\"wp-block-gallery has-nested-images columns-default is-cropped wp-block-gallery-1 is-layout-flex wp-block-gallery-is-layout-flex\">\n<figure class=\"wp-block-image size-large\"><a href=\"https:\/\/moquet.org\/wp-content\/uploads\/2024\/12\/Roselend-4.jpg\"><img loading=\"lazy\" decoding=\"async\" width=\"1024\" height=\"768\" data-id=\"414\" src=\"https:\/\/moquet.org\/wp-content\/uploads\/2024\/12\/Roselend-4-1024x768.jpg\" alt=\"Lac de Roselend\" class=\"wp-image-414\" srcset=\"https:\/\/moquet.org\/wp-content\/uploads\/2024\/12\/Roselend-4-1024x768.jpg 1024w, https:\/\/moquet.org\/wp-content\/uploads\/2024\/12\/Roselend-4-300x225.jpg 300w, https:\/\/moquet.org\/wp-content\/uploads\/2024\/12\/Roselend-4-768x576.jpg 768w, https:\/\/moquet.org\/wp-content\/uploads\/2024\/12\/Roselend-4.jpg 1200w\" sizes=\"auto, (max-width: 1024px) 100vw, 1024px\" \/><\/a><\/figure>\n\n\n\n<figure class=\"wp-block-image size-large\"><a href=\"https:\/\/moquet.org\/wp-content\/uploads\/2024\/12\/Roselend-2.jpg\"><img loading=\"lazy\" decoding=\"async\" width=\"1024\" height=\"768\" data-id=\"415\" src=\"https:\/\/moquet.org\/wp-content\/uploads\/2024\/12\/Roselend-2-1024x768.jpg\" alt=\"\" class=\"wp-image-415\" srcset=\"https:\/\/moquet.org\/wp-content\/uploads\/2024\/12\/Roselend-2-1024x768.jpg 1024w, https:\/\/moquet.org\/wp-content\/uploads\/2024\/12\/Roselend-2-300x225.jpg 300w, https:\/\/moquet.org\/wp-content\/uploads\/2024\/12\/Roselend-2-768x576.jpg 768w, https:\/\/moquet.org\/wp-content\/uploads\/2024\/12\/Roselend-2.jpg 1200w\" sizes=\"auto, (max-width: 1024px) 100vw, 1024px\" \/><\/a><\/figure>\n\n\n\n<figure class=\"wp-block-image size-large\"><a href=\"https:\/\/moquet.org\/wp-content\/uploads\/2024\/12\/Roselend-1.jpg\"><img loading=\"lazy\" decoding=\"async\" width=\"1024\" height=\"768\" data-id=\"410\" src=\"https:\/\/moquet.org\/wp-content\/uploads\/2024\/12\/Roselend-1-1024x768.jpg\" alt=\"\" class=\"wp-image-410\" srcset=\"https:\/\/moquet.org\/wp-content\/uploads\/2024\/12\/Roselend-1-1024x768.jpg 1024w, https:\/\/moquet.org\/wp-content\/uploads\/2024\/12\/Roselend-1-300x225.jpg 300w, https:\/\/moquet.org\/wp-content\/uploads\/2024\/12\/Roselend-1-768x576.jpg 768w, https:\/\/moquet.org\/wp-content\/uploads\/2024\/12\/Roselend-1.jpg 1200w\" sizes=\"auto, (max-width: 1024px) 100vw, 1024px\" \/><\/a><\/figure>\n\n\n\n<figure class=\"wp-block-image size-large\"><a href=\"https:\/\/moquet.org\/wp-content\/uploads\/2024\/12\/Roselend-6-rotated.jpg\"><img loading=\"lazy\" decoding=\"async\" width=\"768\" height=\"1024\" data-id=\"411\" src=\"https:\/\/moquet.org\/wp-content\/uploads\/2024\/12\/Roselend-6-768x1024.jpg\" alt=\"\" class=\"wp-image-411\" srcset=\"https:\/\/moquet.org\/wp-content\/uploads\/2024\/12\/Roselend-6-768x1024.jpg 768w, https:\/\/moquet.org\/wp-content\/uploads\/2024\/12\/Roselend-6-225x300.jpg 225w, https:\/\/moquet.org\/wp-content\/uploads\/2024\/12\/Roselend-6-rotated.jpg 900w\" sizes=\"auto, (max-width: 768px) 100vw, 768px\" \/><\/a><\/figure>\n\n\n\n<figure class=\"wp-block-image size-large\"><a href=\"https:\/\/moquet.org\/wp-content\/uploads\/2024\/12\/Roselend-5.jpg\"><img loading=\"lazy\" decoding=\"async\" width=\"1000\" height=\"750\" data-id=\"413\" src=\"https:\/\/moquet.org\/wp-content\/uploads\/2024\/12\/Roselend-5.jpg\" alt=\"\" class=\"wp-image-413\" srcset=\"https:\/\/moquet.org\/wp-content\/uploads\/2024\/12\/Roselend-5.jpg 1000w, https:\/\/moquet.org\/wp-content\/uploads\/2024\/12\/Roselend-5-300x225.jpg 300w, https:\/\/moquet.org\/wp-content\/uploads\/2024\/12\/Roselend-5-768x576.jpg 768w\" sizes=\"auto, (max-width: 1000px) 100vw, 1000px\" \/><\/a><\/figure>\n\n\n\n<figure class=\"wp-block-image size-large\"><a href=\"https:\/\/moquet.org\/wp-content\/uploads\/2024\/12\/Roselend-3-rotated.jpg\"><img loading=\"lazy\" decoding=\"async\" width=\"768\" height=\"1024\" data-id=\"412\" src=\"https:\/\/moquet.org\/wp-content\/uploads\/2024\/12\/Roselend-3-768x1024.jpg\" alt=\"\" class=\"wp-image-412\" srcset=\"https:\/\/moquet.org\/wp-content\/uploads\/2024\/12\/Roselend-3-768x1024.jpg 768w, https:\/\/moquet.org\/wp-content\/uploads\/2024\/12\/Roselend-3-225x300.jpg 225w, https:\/\/moquet.org\/wp-content\/uploads\/2024\/12\/Roselend-3-rotated.jpg 800w\" sizes=\"auto, (max-width: 768px) 100vw, 768px\" \/><\/a><\/figure>\n<\/figure>\n\n\n\n<p>Cot\u00e9 h\u00e9bergement, vous pouvez r\u00e9server au Chalet de Roselend, directement au bord du lac.<\/p>\n","protected":false},"excerpt":{"rendered":"<p>Le Beaufortain, pays de lacs et barrages. Celui de Roselend est situ\u00e9 \u00e0 1 600 m\u00e8tres d\u2019altitude. Vous trouverez plusieurs randos au d\u00e9part du lac, comme le tour du lac avec une boucle de 15,7 km, mais surtout la Via Ferreta : Le Roc du Vent Marche d\u2019approche de 1h et via ferrata en 4h [&hellip;]<\/p>\n","protected":false},"author":1,"featured_media":414,"comment_status":"closed","ping_status":"open","sticky":false,"template":"","format":"standard","meta":{"footnotes":""},"categories":[9],"tags":[],"class_list":["post-417","post","type-post","status-publish","format-standard","has-post-thumbnail","hentry","category-idee-rando"],"yoast_head":"<!-- This site is optimized with the Yoast SEO plugin v27.2 - https:\/\/yoast.com\/product\/yoast-seo-wordpress\/ -->\n<title>Lac de Roselend - Via Ferrata : Le Roc du Vent - Aur\u00e9lien Moquet<\/title>\n<meta name=\"robots\" content=\"index, follow, max-snippet:-1, max-image-preview:large, max-video-preview:-1\" \/>\n<link rel=\"canonical\" href=\"https:\/\/moquet.org\/index.php\/2018\/09\/30\/lac-de-roselend-via-ferrata-le-roc-du-vent\/\" \/>\n<meta property=\"og:locale\" content=\"fr_FR\" \/>\n<meta property=\"og:type\" content=\"article\" \/>\n<meta property=\"og:title\" content=\"Lac de Roselend - Via Ferrata : Le Roc du Vent - Aur\u00e9lien Moquet\" \/>\n<meta property=\"og:description\" content=\"Le Beaufortain, pays de lacs et barrages. Celui de Roselend est situ\u00e9 \u00e0 1 600 m\u00e8tres d\u2019altitude. Vous trouverez plusieurs randos au d\u00e9part du lac, comme le tour du lac avec une boucle de 15,7 km, mais surtout la Via Ferreta : Le Roc du Vent Marche d\u2019approche de 1h et via ferrata en 4h [&hellip;]\" \/>\n<meta property=\"og:url\" content=\"https:\/\/moquet.org\/index.php\/2018\/09\/30\/lac-de-roselend-via-ferrata-le-roc-du-vent\/\" \/>\n<meta property=\"og:site_name\" content=\"Aur\u00e9lien Moquet\" \/>\n<meta property=\"article:publisher\" content=\"https:\/\/www.facebook.com\/profile.php?id=61575096712224&amp;locale=fr_FR\" \/>\n<meta property=\"article:published_time\" content=\"2018-09-30T13:19:50+00:00\" \/>\n<meta property=\"article:modified_time\" content=\"2024-12-01T14:20:36+00:00\" \/>\n<meta property=\"og:image\" content=\"https:\/\/moquet.org\/wp-content\/uploads\/2024\/12\/Roselend-4.jpg\" \/>\n\t<meta property=\"og:image:width\" content=\"1200\" \/>\n\t<meta property=\"og:image:height\" content=\"900\" \/>\n\t<meta property=\"og:image:type\" content=\"image\/jpeg\" \/>\n<meta name=\"author\" content=\"Aur\u00e9lien\" \/>\n<meta name=\"twitter:card\" content=\"summary_large_image\" \/>\n<meta name=\"twitter:label1\" content=\"\u00c9crit par\" \/>\n\t<meta name=\"twitter:data1\" content=\"Aur\u00e9lien\" \/>\n<script type=\"application\/ld+json\" class=\"yoast-schema-graph\">{\"@context\":\"https:\/\/schema.org\",\"@graph\":[{\"@type\":\"Article\",\"@id\":\"https:\/\/moquet.org\/index.php\/2018\/09\/30\/lac-de-roselend-via-ferrata-le-roc-du-vent\/#article\",\"isPartOf\":{\"@id\":\"https:\/\/moquet.org\/index.php\/2018\/09\/30\/lac-de-roselend-via-ferrata-le-roc-du-vent\/\"},\"author\":{\"name\":\"Aur\u00e9lien\",\"@id\":\"https:\/\/moquet.org\/#\/schema\/person\/a832cfcb2b0691af78e6937c520807e1\"},\"headline\":\"Lac de Roselend &#8211; Via Ferrata : Le Roc du Vent\",\"datePublished\":\"2018-09-30T13:19:50+00:00\",\"dateModified\":\"2024-12-01T14:20:36+00:00\",\"mainEntityOfPage\":{\"@id\":\"https:\/\/moquet.org\/index.php\/2018\/09\/30\/lac-de-roselend-via-ferrata-le-roc-du-vent\/\"},\"wordCount\":85,\"publisher\":{\"@id\":\"https:\/\/moquet.org\/#organization\"},\"image\":{\"@id\":\"https:\/\/moquet.org\/index.php\/2018\/09\/30\/lac-de-roselend-via-ferrata-le-roc-du-vent\/#primaryimage\"},\"thumbnailUrl\":\"https:\/\/moquet.org\/wp-content\/uploads\/2024\/12\/Roselend-4.jpg\",\"articleSection\":[\"Id\u00e9e rando\"],\"inLanguage\":\"fr-FR\"},{\"@type\":\"WebPage\",\"@id\":\"https:\/\/moquet.org\/index.php\/2018\/09\/30\/lac-de-roselend-via-ferrata-le-roc-du-vent\/\",\"url\":\"https:\/\/moquet.org\/index.php\/2018\/09\/30\/lac-de-roselend-via-ferrata-le-roc-du-vent\/\",\"name\":\"Lac de Roselend - Via Ferrata : Le Roc du Vent - Aur\u00e9lien Moquet\",\"isPartOf\":{\"@id\":\"https:\/\/moquet.org\/#website\"},\"primaryImageOfPage\":{\"@id\":\"https:\/\/moquet.org\/index.php\/2018\/09\/30\/lac-de-roselend-via-ferrata-le-roc-du-vent\/#primaryimage\"},\"image\":{\"@id\":\"https:\/\/moquet.org\/index.php\/2018\/09\/30\/lac-de-roselend-via-ferrata-le-roc-du-vent\/#primaryimage\"},\"thumbnailUrl\":\"https:\/\/moquet.org\/wp-content\/uploads\/2024\/12\/Roselend-4.jpg\",\"datePublished\":\"2018-09-30T13:19:50+00:00\",\"dateModified\":\"2024-12-01T14:20:36+00:00\",\"breadcrumb\":{\"@id\":\"https:\/\/moquet.org\/index.php\/2018\/09\/30\/lac-de-roselend-via-ferrata-le-roc-du-vent\/#breadcrumb\"},\"inLanguage\":\"fr-FR\",\"potentialAction\":[{\"@type\":\"ReadAction\",\"target\":[\"https:\/\/moquet.org\/index.php\/2018\/09\/30\/lac-de-roselend-via-ferrata-le-roc-du-vent\/\"]}]},{\"@type\":\"ImageObject\",\"inLanguage\":\"fr-FR\",\"@id\":\"https:\/\/moquet.org\/index.php\/2018\/09\/30\/lac-de-roselend-via-ferrata-le-roc-du-vent\/#primaryimage\",\"url\":\"https:\/\/moquet.org\/wp-content\/uploads\/2024\/12\/Roselend-4.jpg\",\"contentUrl\":\"https:\/\/moquet.org\/wp-content\/uploads\/2024\/12\/Roselend-4.jpg\",\"width\":1200,\"height\":900,\"caption\":\"Lac de Roselend\"},{\"@type\":\"BreadcrumbList\",\"@id\":\"https:\/\/moquet.org\/index.php\/2018\/09\/30\/lac-de-roselend-via-ferrata-le-roc-du-vent\/#breadcrumb\",\"itemListElement\":[{\"@type\":\"ListItem\",\"position\":1,\"name\":\"Accueil\",\"item\":\"https:\/\/moquet.org\/\"},{\"@type\":\"ListItem\",\"position\":2,\"name\":\"Lac de Roselend &#8211; Via Ferrata : Le Roc du Vent\"}]},{\"@type\":\"WebSite\",\"@id\":\"https:\/\/moquet.org\/#website\",\"url\":\"https:\/\/moquet.org\/\",\"name\":\"Aur\u00e9lien Moquet\",\"description\":\"\",\"publisher\":{\"@id\":\"https:\/\/moquet.org\/#organization\"},\"potentialAction\":[{\"@type\":\"SearchAction\",\"target\":{\"@type\":\"EntryPoint\",\"urlTemplate\":\"https:\/\/moquet.org\/?s={search_term_string}\"},\"query-input\":{\"@type\":\"PropertyValueSpecification\",\"valueRequired\":true,\"valueName\":\"search_term_string\"}}],\"inLanguage\":\"fr-FR\"},{\"@type\":\"Organization\",\"@id\":\"https:\/\/moquet.org\/#organization\",\"name\":\"Aur\u00e9lien Moquet\",\"url\":\"https:\/\/moquet.org\/\",\"logo\":{\"@type\":\"ImageObject\",\"inLanguage\":\"fr-FR\",\"@id\":\"https:\/\/moquet.org\/#\/schema\/logo\/image\/\",\"url\":\"https:\/\/moquet.org\/wp-content\/uploads\/2026\/02\/Signature-AM-Black-Winter_Pen-scaled.png\",\"contentUrl\":\"https:\/\/moquet.org\/wp-content\/uploads\/2026\/02\/Signature-AM-Black-Winter_Pen-scaled.png\",\"width\":2560,\"height\":683,\"caption\":\"Aur\u00e9lien Moquet\"},\"image\":{\"@id\":\"https:\/\/moquet.org\/#\/schema\/logo\/image\/\"},\"sameAs\":[\"https:\/\/www.facebook.com\/profile.php?id=61575096712224&locale=fr_FR\"]},{\"@type\":\"Person\",\"@id\":\"https:\/\/moquet.org\/#\/schema\/person\/a832cfcb2b0691af78e6937c520807e1\",\"name\":\"Aur\u00e9lien\",\"image\":{\"@type\":\"ImageObject\",\"inLanguage\":\"fr-FR\",\"@id\":\"https:\/\/secure.gravatar.com\/avatar\/40e27b35504aca19c441a4ea347182b086b456a730b85cfefd391d690618802f?s=96&d=mm&r=g\",\"url\":\"https:\/\/secure.gravatar.com\/avatar\/40e27b35504aca19c441a4ea347182b086b456a730b85cfefd391d690618802f?s=96&d=mm&r=g\",\"contentUrl\":\"https:\/\/secure.gravatar.com\/avatar\/40e27b35504aca19c441a4ea347182b086b456a730b85cfefd391d690618802f?s=96&d=mm&r=g\",\"caption\":\"Aur\u00e9lien\"},\"sameAs\":[\"http:\/\/moquet.org\"],\"url\":\"https:\/\/moquet.org\/index.php\/author\/admin4682\/\"}]}<\/script>\n<!-- \/ Yoast SEO plugin. -->","yoast_head_json":{"title":"Lac de Roselend - Via Ferrata : Le Roc du Vent - Aur\u00e9lien Moquet","robots":{"index":"index","follow":"follow","max-snippet":"max-snippet:-1","max-image-preview":"max-image-preview:large","max-video-preview":"max-video-preview:-1"},"canonical":"https:\/\/moquet.org\/index.php\/2018\/09\/30\/lac-de-roselend-via-ferrata-le-roc-du-vent\/","og_locale":"fr_FR","og_type":"article","og_title":"Lac de Roselend - Via Ferrata : Le Roc du Vent - Aur\u00e9lien Moquet","og_description":"Le Beaufortain, pays de lacs et barrages. Celui de Roselend est situ\u00e9 \u00e0 1 600 m\u00e8tres d\u2019altitude. Vous trouverez plusieurs randos au d\u00e9part du lac, comme le tour du lac avec une boucle de 15,7 km, mais surtout la Via Ferreta : Le Roc du Vent Marche d\u2019approche de 1h et via ferrata en 4h [&hellip;]","og_url":"https:\/\/moquet.org\/index.php\/2018\/09\/30\/lac-de-roselend-via-ferrata-le-roc-du-vent\/","og_site_name":"Aur\u00e9lien Moquet","article_publisher":"https:\/\/www.facebook.com\/profile.php?id=61575096712224&locale=fr_FR","article_published_time":"2018-09-30T13:19:50+00:00","article_modified_time":"2024-12-01T14:20:36+00:00","og_image":[{"width":1200,"height":900,"url":"https:\/\/moquet.org\/wp-content\/uploads\/2024\/12\/Roselend-4.jpg","type":"image\/jpeg"}],"author":"Aur\u00e9lien","twitter_card":"summary_large_image","twitter_misc":{"\u00c9crit par":"Aur\u00e9lien"},"schema":{"@context":"https:\/\/schema.org","@graph":[{"@type":"Article","@id":"https:\/\/moquet.org\/index.php\/2018\/09\/30\/lac-de-roselend-via-ferrata-le-roc-du-vent\/#article","isPartOf":{"@id":"https:\/\/moquet.org\/index.php\/2018\/09\/30\/lac-de-roselend-via-ferrata-le-roc-du-vent\/"},"author":{"name":"Aur\u00e9lien","@id":"https:\/\/moquet.org\/#\/schema\/person\/a832cfcb2b0691af78e6937c520807e1"},"headline":"Lac de Roselend &#8211; Via Ferrata : Le Roc du Vent","datePublished":"2018-09-30T13:19:50+00:00","dateModified":"2024-12-01T14:20:36+00:00","mainEntityOfPage":{"@id":"https:\/\/moquet.org\/index.php\/2018\/09\/30\/lac-de-roselend-via-ferrata-le-roc-du-vent\/"},"wordCount":85,"publisher":{"@id":"https:\/\/moquet.org\/#organization"},"image":{"@id":"https:\/\/moquet.org\/index.php\/2018\/09\/30\/lac-de-roselend-via-ferrata-le-roc-du-vent\/#primaryimage"},"thumbnailUrl":"https:\/\/moquet.org\/wp-content\/uploads\/2024\/12\/Roselend-4.jpg","articleSection":["Id\u00e9e rando"],"inLanguage":"fr-FR"},{"@type":"WebPage","@id":"https:\/\/moquet.org\/index.php\/2018\/09\/30\/lac-de-roselend-via-ferrata-le-roc-du-vent\/","url":"https:\/\/moquet.org\/index.php\/2018\/09\/30\/lac-de-roselend-via-ferrata-le-roc-du-vent\/","name":"Lac de Roselend - Via Ferrata : Le Roc du Vent - Aur\u00e9lien Moquet","isPartOf":{"@id":"https:\/\/moquet.org\/#website"},"primaryImageOfPage":{"@id":"https:\/\/moquet.org\/index.php\/2018\/09\/30\/lac-de-roselend-via-ferrata-le-roc-du-vent\/#primaryimage"},"image":{"@id":"https:\/\/moquet.org\/index.php\/2018\/09\/30\/lac-de-roselend-via-ferrata-le-roc-du-vent\/#primaryimage"},"thumbnailUrl":"https:\/\/moquet.org\/wp-content\/uploads\/2024\/12\/Roselend-4.jpg","datePublished":"2018-09-30T13:19:50+00:00","dateModified":"2024-12-01T14:20:36+00:00","breadcrumb":{"@id":"https:\/\/moquet.org\/index.php\/2018\/09\/30\/lac-de-roselend-via-ferrata-le-roc-du-vent\/#breadcrumb"},"inLanguage":"fr-FR","potentialAction":[{"@type":"ReadAction","target":["https:\/\/moquet.org\/index.php\/2018\/09\/30\/lac-de-roselend-via-ferrata-le-roc-du-vent\/"]}]},{"@type":"ImageObject","inLanguage":"fr-FR","@id":"https:\/\/moquet.org\/index.php\/2018\/09\/30\/lac-de-roselend-via-ferrata-le-roc-du-vent\/#primaryimage","url":"https:\/\/moquet.org\/wp-content\/uploads\/2024\/12\/Roselend-4.jpg","contentUrl":"https:\/\/moquet.org\/wp-content\/uploads\/2024\/12\/Roselend-4.jpg","width":1200,"height":900,"caption":"Lac de Roselend"},{"@type":"BreadcrumbList","@id":"https:\/\/moquet.org\/index.php\/2018\/09\/30\/lac-de-roselend-via-ferrata-le-roc-du-vent\/#breadcrumb","itemListElement":[{"@type":"ListItem","position":1,"name":"Accueil","item":"https:\/\/moquet.org\/"},{"@type":"ListItem","position":2,"name":"Lac de Roselend &#8211; Via Ferrata : Le Roc du Vent"}]},{"@type":"WebSite","@id":"https:\/\/moquet.org\/#website","url":"https:\/\/moquet.org\/","name":"Aur\u00e9lien Moquet","description":"","publisher":{"@id":"https:\/\/moquet.org\/#organization"},"potentialAction":[{"@type":"SearchAction","target":{"@type":"EntryPoint","urlTemplate":"https:\/\/moquet.org\/?s={search_term_string}"},"query-input":{"@type":"PropertyValueSpecification","valueRequired":true,"valueName":"search_term_string"}}],"inLanguage":"fr-FR"},{"@type":"Organization","@id":"https:\/\/moquet.org\/#organization","name":"Aur\u00e9lien Moquet","url":"https:\/\/moquet.org\/","logo":{"@type":"ImageObject","inLanguage":"fr-FR","@id":"https:\/\/moquet.org\/#\/schema\/logo\/image\/","url":"https:\/\/moquet.org\/wp-content\/uploads\/2026\/02\/Signature-AM-Black-Winter_Pen-scaled.png","contentUrl":"https:\/\/moquet.org\/wp-content\/uploads\/2026\/02\/Signature-AM-Black-Winter_Pen-scaled.png","width":2560,"height":683,"caption":"Aur\u00e9lien Moquet"},"image":{"@id":"https:\/\/moquet.org\/#\/schema\/logo\/image\/"},"sameAs":["https:\/\/www.facebook.com\/profile.php?id=61575096712224&locale=fr_FR"]},{"@type":"Person","@id":"https:\/\/moquet.org\/#\/schema\/person\/a832cfcb2b0691af78e6937c520807e1","name":"Aur\u00e9lien","image":{"@type":"ImageObject","inLanguage":"fr-FR","@id":"https:\/\/secure.gravatar.com\/avatar\/40e27b35504aca19c441a4ea347182b086b456a730b85cfefd391d690618802f?s=96&d=mm&r=g","url":"https:\/\/secure.gravatar.com\/avatar\/40e27b35504aca19c441a4ea347182b086b456a730b85cfefd391d690618802f?s=96&d=mm&r=g","contentUrl":"https:\/\/secure.gravatar.com\/avatar\/40e27b35504aca19c441a4ea347182b086b456a730b85cfefd391d690618802f?s=96&d=mm&r=g","caption":"Aur\u00e9lien"},"sameAs":["http:\/\/moquet.org"],"url":"https:\/\/moquet.org\/index.php\/author\/admin4682\/"}]}},"_links":{"self":[{"href":"https:\/\/moquet.org\/index.php\/wp-json\/wp\/v2\/posts\/417","targetHints":{"allow":["GET"]}}],"collection":[{"href":"https:\/\/moquet.org\/index.php\/wp-json\/wp\/v2\/posts"}],"about":[{"href":"https:\/\/moquet.org\/index.php\/wp-json\/wp\/v2\/types\/post"}],"author":[{"embeddable":true,"href":"https:\/\/moquet.org\/index.php\/wp-json\/wp\/v2\/users\/1"}],"replies":[{"embeddable":true,"href":"https:\/\/moquet.org\/index.php\/wp-json\/wp\/v2\/comments?post=417"}],"version-history":[{"count":0,"href":"https:\/\/moquet.org\/index.php\/wp-json\/wp\/v2\/posts\/417\/revisions"}],"wp:featuredmedia":[{"embeddable":true,"href":"https:\/\/moquet.org\/index.php\/wp-json\/wp\/v2\/media\/414"}],"wp:attachment":[{"href":"https:\/\/moquet.org\/index.php\/wp-json\/wp\/v2\/media?parent=417"}],"wp:term":[{"taxonomy":"category","embeddable":true,"href":"https:\/\/moquet.org\/index.php\/wp-json\/wp\/v2\/categories?post=417"},{"taxonomy":"post_tag","embeddable":true,"href":"https:\/\/moquet.org\/index.php\/wp-json\/wp\/v2\/tags?post=417"}],"curies":[{"name":"wp","href":"https:\/\/api.w.org\/{rel}","templated":true}]}}