{"id":444,"date":"2022-11-11T17:08:47","date_gmt":"2022-11-11T16:08:47","guid":{"rendered":"https:\/\/moquet.org\/?p=444"},"modified":"2024-12-07T16:02:44","modified_gmt":"2024-12-07T15:02:44","slug":"jura-pic-de-laigle","status":"publish","type":"post","link":"https:\/\/moquet.org\/index.php\/2022\/11\/11\/jura-pic-de-laigle\/","title":{"rendered":"Jura : Pic de l&rsquo;aigle"},"content":{"rendered":"\n<p>Perch\u00e9 \u00e0 environ 900 m\u00e8tres d&rsquo;altitude, le belv\u00e9d\u00e8re des 4 lacs offre une vision panoramique sur les diff\u00e9rents reliefs arrondis du Jura et permettent d&#8217;embrasser du regard 4 lacs d&rsquo;origine glaciaire : Ilay, Narlay, Petit et Grand Maclu&#8230; Jade, saphir, turquoise, kaki,&nbsp; de l\u00e0-haut, les nuances de vert et bleu varient au gr\u00e9 des saisons et des jours pour un spectacle sans cesse renouvel\u00e9.<\/p>\n\n\n\n<p>Pour vous rendre au&nbsp;<strong>Pic de l\u2019Aigle<\/strong>, plusieurs possibilit\u00e9s de randonn\u00e9es s\u2019offrent \u00e0 vous&nbsp;:<\/p>\n\n\n\n<ul class=\"wp-block-list\">\n<li><strong>Balade Pic de l\u2019Aigle&nbsp;:<\/strong>&nbsp;D\u00e9part du parking pour monter au Pic de l\u2019Aigle. Aller\/retour en 1 h.<\/li>\n\n\n\n<li><strong>Balade Pic de l\u2019Aigle et Belv\u00e9d\u00e8re des 4 Lacs&nbsp;:<\/strong>&nbsp;D\u00e9part du parking pour monter au Pic de l\u2019Aigle puis prolonger la balade jusqu\u2019au Belv\u00e9d\u00e8re des 4 lacs situ\u00e9 \u00e0 1km du sommet. Aller\/retour en 2h30.<\/li>\n\n\n\n<li><strong>Randonn\u00e9e du Pic de l\u2019Aigle et Belv\u00e9d\u00e8re des 4 Lacs, en descendant vers les lacs d\u2019Ilay et du Maclu :<\/strong>&nbsp;9 km formant une boucle. Comptez 3 h et un niveau moyen.<\/li>\n<\/ul>\n\n\n\n<p>Le d\u00e9part de ces randonn\u00e9es se trouvent au parking du pic de l\u2019Aigle \u00e0 Chaux-du-Dombief.<\/p>\n\n\n\n<figure class=\"wp-block-gallery has-nested-images columns-default is-cropped wp-block-gallery-1 is-layout-flex wp-block-gallery-is-layout-flex\">\n<figure class=\"wp-block-image size-large\"><a href=\"https:\/\/moquet.org\/wp-content\/uploads\/2024\/12\/4-lacs-1.jpg\"><img loading=\"lazy\" decoding=\"async\" width=\"1024\" height=\"768\" data-id=\"449\" src=\"https:\/\/moquet.org\/wp-content\/uploads\/2024\/12\/4-lacs-1-1024x768.jpg\" alt=\"\" class=\"wp-image-449\" srcset=\"https:\/\/moquet.org\/wp-content\/uploads\/2024\/12\/4-lacs-1-1024x768.jpg 1024w, https:\/\/moquet.org\/wp-content\/uploads\/2024\/12\/4-lacs-1-300x225.jpg 300w, https:\/\/moquet.org\/wp-content\/uploads\/2024\/12\/4-lacs-1-768x576.jpg 768w, https:\/\/moquet.org\/wp-content\/uploads\/2024\/12\/4-lacs-1.jpg 1100w\" sizes=\"auto, (max-width: 1024px) 100vw, 1024px\" \/><\/a><\/figure>\n\n\n\n<figure class=\"wp-block-image size-large\"><a href=\"https:\/\/moquet.org\/wp-content\/uploads\/2024\/12\/pic-de-laigle-1-1-rotated.jpg\"><img loading=\"lazy\" decoding=\"async\" width=\"768\" height=\"1024\" data-id=\"450\" src=\"https:\/\/moquet.org\/wp-content\/uploads\/2024\/12\/pic-de-laigle-1-1-768x1024.jpg\" alt=\"\" class=\"wp-image-450\" srcset=\"https:\/\/moquet.org\/wp-content\/uploads\/2024\/12\/pic-de-laigle-1-1-768x1024.jpg 768w, https:\/\/moquet.org\/wp-content\/uploads\/2024\/12\/pic-de-laigle-1-1-225x300.jpg 225w, https:\/\/moquet.org\/wp-content\/uploads\/2024\/12\/pic-de-laigle-1-1-rotated.jpg 800w\" sizes=\"auto, (max-width: 768px) 100vw, 768px\" \/><\/a><\/figure>\n\n\n\n<figure class=\"wp-block-image size-large\"><a href=\"https:\/\/moquet.org\/wp-content\/uploads\/2024\/12\/pic-de-laigle-2-1.jpg\"><img loading=\"lazy\" decoding=\"async\" width=\"1024\" height=\"768\" data-id=\"448\" src=\"https:\/\/moquet.org\/wp-content\/uploads\/2024\/12\/pic-de-laigle-2-1-1024x768.jpg\" alt=\"\" class=\"wp-image-448\" srcset=\"https:\/\/moquet.org\/wp-content\/uploads\/2024\/12\/pic-de-laigle-2-1-1024x768.jpg 1024w, https:\/\/moquet.org\/wp-content\/uploads\/2024\/12\/pic-de-laigle-2-1-300x225.jpg 300w, https:\/\/moquet.org\/wp-content\/uploads\/2024\/12\/pic-de-laigle-2-1-768x576.jpg 768w, https:\/\/moquet.org\/wp-content\/uploads\/2024\/12\/pic-de-laigle-2-1.jpg 1100w\" sizes=\"auto, (max-width: 1024px) 100vw, 1024px\" \/><\/a><\/figure>\n\n\n\n<figure class=\"wp-block-image size-large\"><a href=\"https:\/\/moquet.org\/wp-content\/uploads\/2024\/11\/Jura.jpg\"><img loading=\"lazy\" decoding=\"async\" width=\"768\" height=\"1024\" data-id=\"48\" src=\"https:\/\/moquet.org\/wp-content\/uploads\/2024\/11\/Jura-768x1024.jpg\" alt=\"\" class=\"wp-image-48\" srcset=\"https:\/\/moquet.org\/wp-content\/uploads\/2024\/11\/Jura-768x1024.jpg 768w, https:\/\/moquet.org\/wp-content\/uploads\/2024\/11\/Jura-225x300.jpg 225w, https:\/\/moquet.org\/wp-content\/uploads\/2024\/11\/Jura.jpg 1000w\" sizes=\"auto, (max-width: 768px) 100vw, 768px\" \/><\/a><\/figure>\n<\/figure>\n","protected":false},"excerpt":{"rendered":"<p>Perch\u00e9 \u00e0 environ 900 m\u00e8tres d&rsquo;altitude, le belv\u00e9d\u00e8re des 4 lacs offre une vision panoramique sur les diff\u00e9rents reliefs arrondis du Jura et permettent d&#8217;embrasser du regard 4 lacs d&rsquo;origine glaciaire : Ilay, Narlay, Petit et Grand Maclu&#8230; Jade, saphir, turquoise, kaki,&nbsp; de l\u00e0-haut, les nuances de vert et bleu varient au gr\u00e9 des saisons [&hellip;]<\/p>\n","protected":false},"author":1,"featured_media":449,"comment_status":"closed","ping_status":"open","sticky":false,"template":"","format":"standard","meta":{"footnotes":""},"categories":[9],"tags":[],"class_list":["post-444","post","type-post","status-publish","format-standard","has-post-thumbnail","hentry","category-idee-rando"],"yoast_head":"<!-- This site is optimized with the Yoast SEO plugin v27.2 - https:\/\/yoast.com\/product\/yoast-seo-wordpress\/ -->\n<title>Jura : Pic de l&#039;aigle - Aur\u00e9lien Moquet<\/title>\n<meta name=\"robots\" content=\"index, follow, max-snippet:-1, max-image-preview:large, max-video-preview:-1\" \/>\n<link rel=\"canonical\" href=\"https:\/\/moquet.org\/index.php\/2022\/11\/11\/jura-pic-de-laigle\/\" \/>\n<meta property=\"og:locale\" content=\"fr_FR\" \/>\n<meta property=\"og:type\" content=\"article\" \/>\n<meta property=\"og:title\" content=\"Jura : Pic de l&#039;aigle - Aur\u00e9lien Moquet\" \/>\n<meta property=\"og:description\" content=\"Perch\u00e9 \u00e0 environ 900 m\u00e8tres d&rsquo;altitude, le belv\u00e9d\u00e8re des 4 lacs offre une vision panoramique sur les diff\u00e9rents reliefs arrondis du Jura et permettent d&#8217;embrasser du regard 4 lacs d&rsquo;origine glaciaire : Ilay, Narlay, Petit et Grand Maclu&#8230; Jade, saphir, turquoise, kaki,&nbsp; de l\u00e0-haut, les nuances de vert et bleu varient au gr\u00e9 des saisons [&hellip;]\" \/>\n<meta property=\"og:url\" content=\"https:\/\/moquet.org\/index.php\/2022\/11\/11\/jura-pic-de-laigle\/\" \/>\n<meta property=\"og:site_name\" content=\"Aur\u00e9lien Moquet\" \/>\n<meta property=\"article:publisher\" content=\"https:\/\/www.facebook.com\/profile.php?id=61575096712224&amp;locale=fr_FR\" \/>\n<meta property=\"article:published_time\" content=\"2022-11-11T16:08:47+00:00\" \/>\n<meta property=\"article:modified_time\" content=\"2024-12-07T15:02:44+00:00\" \/>\n<meta property=\"og:image\" content=\"https:\/\/moquet.org\/wp-content\/uploads\/2024\/12\/4-lacs-1.jpg\" \/>\n\t<meta property=\"og:image:width\" content=\"1100\" \/>\n\t<meta property=\"og:image:height\" content=\"825\" \/>\n\t<meta property=\"og:image:type\" content=\"image\/jpeg\" \/>\n<meta name=\"author\" content=\"Aur\u00e9lien\" \/>\n<meta name=\"twitter:card\" content=\"summary_large_image\" \/>\n<meta name=\"twitter:label1\" content=\"\u00c9crit par\" \/>\n\t<meta name=\"twitter:data1\" content=\"Aur\u00e9lien\" \/>\n\t<meta name=\"twitter:label2\" content=\"Dur\u00e9e de lecture estim\u00e9e\" \/>\n\t<meta name=\"twitter:data2\" content=\"1 minute\" \/>\n<script type=\"application\/ld+json\" class=\"yoast-schema-graph\">{\"@context\":\"https:\/\/schema.org\",\"@graph\":[{\"@type\":\"Article\",\"@id\":\"https:\/\/moquet.org\/index.php\/2022\/11\/11\/jura-pic-de-laigle\/#article\",\"isPartOf\":{\"@id\":\"https:\/\/moquet.org\/index.php\/2022\/11\/11\/jura-pic-de-laigle\/\"},\"author\":{\"name\":\"Aur\u00e9lien\",\"@id\":\"https:\/\/moquet.org\/#\/schema\/person\/a832cfcb2b0691af78e6937c520807e1\"},\"headline\":\"Jura : Pic de l&rsquo;aigle\",\"datePublished\":\"2022-11-11T16:08:47+00:00\",\"dateModified\":\"2024-12-07T15:02:44+00:00\",\"mainEntityOfPage\":{\"@id\":\"https:\/\/moquet.org\/index.php\/2022\/11\/11\/jura-pic-de-laigle\/\"},\"wordCount\":208,\"publisher\":{\"@id\":\"https:\/\/moquet.org\/#organization\"},\"image\":{\"@id\":\"https:\/\/moquet.org\/index.php\/2022\/11\/11\/jura-pic-de-laigle\/#primaryimage\"},\"thumbnailUrl\":\"https:\/\/moquet.org\/wp-content\/uploads\/2024\/12\/4-lacs-1.jpg\",\"articleSection\":[\"Id\u00e9e rando\"],\"inLanguage\":\"fr-FR\"},{\"@type\":\"WebPage\",\"@id\":\"https:\/\/moquet.org\/index.php\/2022\/11\/11\/jura-pic-de-laigle\/\",\"url\":\"https:\/\/moquet.org\/index.php\/2022\/11\/11\/jura-pic-de-laigle\/\",\"name\":\"Jura : Pic de l'aigle - Aur\u00e9lien Moquet\",\"isPartOf\":{\"@id\":\"https:\/\/moquet.org\/#website\"},\"primaryImageOfPage\":{\"@id\":\"https:\/\/moquet.org\/index.php\/2022\/11\/11\/jura-pic-de-laigle\/#primaryimage\"},\"image\":{\"@id\":\"https:\/\/moquet.org\/index.php\/2022\/11\/11\/jura-pic-de-laigle\/#primaryimage\"},\"thumbnailUrl\":\"https:\/\/moquet.org\/wp-content\/uploads\/2024\/12\/4-lacs-1.jpg\",\"datePublished\":\"2022-11-11T16:08:47+00:00\",\"dateModified\":\"2024-12-07T15:02:44+00:00\",\"breadcrumb\":{\"@id\":\"https:\/\/moquet.org\/index.php\/2022\/11\/11\/jura-pic-de-laigle\/#breadcrumb\"},\"inLanguage\":\"fr-FR\",\"potentialAction\":[{\"@type\":\"ReadAction\",\"target\":[\"https:\/\/moquet.org\/index.php\/2022\/11\/11\/jura-pic-de-laigle\/\"]}]},{\"@type\":\"ImageObject\",\"inLanguage\":\"fr-FR\",\"@id\":\"https:\/\/moquet.org\/index.php\/2022\/11\/11\/jura-pic-de-laigle\/#primaryimage\",\"url\":\"https:\/\/moquet.org\/wp-content\/uploads\/2024\/12\/4-lacs-1.jpg\",\"contentUrl\":\"https:\/\/moquet.org\/wp-content\/uploads\/2024\/12\/4-lacs-1.jpg\",\"width\":1100,\"height\":825},{\"@type\":\"BreadcrumbList\",\"@id\":\"https:\/\/moquet.org\/index.php\/2022\/11\/11\/jura-pic-de-laigle\/#breadcrumb\",\"itemListElement\":[{\"@type\":\"ListItem\",\"position\":1,\"name\":\"Accueil\",\"item\":\"https:\/\/moquet.org\/\"},{\"@type\":\"ListItem\",\"position\":2,\"name\":\"Jura : Pic de l&rsquo;aigle\"}]},{\"@type\":\"WebSite\",\"@id\":\"https:\/\/moquet.org\/#website\",\"url\":\"https:\/\/moquet.org\/\",\"name\":\"Aur\u00e9lien Moquet\",\"description\":\"\",\"publisher\":{\"@id\":\"https:\/\/moquet.org\/#organization\"},\"potentialAction\":[{\"@type\":\"SearchAction\",\"target\":{\"@type\":\"EntryPoint\",\"urlTemplate\":\"https:\/\/moquet.org\/?s={search_term_string}\"},\"query-input\":{\"@type\":\"PropertyValueSpecification\",\"valueRequired\":true,\"valueName\":\"search_term_string\"}}],\"inLanguage\":\"fr-FR\"},{\"@type\":\"Organization\",\"@id\":\"https:\/\/moquet.org\/#organization\",\"name\":\"Aur\u00e9lien Moquet\",\"url\":\"https:\/\/moquet.org\/\",\"logo\":{\"@type\":\"ImageObject\",\"inLanguage\":\"fr-FR\",\"@id\":\"https:\/\/moquet.org\/#\/schema\/logo\/image\/\",\"url\":\"https:\/\/moquet.org\/wp-content\/uploads\/2026\/02\/Signature-AM-Black-Winter_Pen-scaled.png\",\"contentUrl\":\"https:\/\/moquet.org\/wp-content\/uploads\/2026\/02\/Signature-AM-Black-Winter_Pen-scaled.png\",\"width\":2560,\"height\":683,\"caption\":\"Aur\u00e9lien Moquet\"},\"image\":{\"@id\":\"https:\/\/moquet.org\/#\/schema\/logo\/image\/\"},\"sameAs\":[\"https:\/\/www.facebook.com\/profile.php?id=61575096712224&locale=fr_FR\"]},{\"@type\":\"Person\",\"@id\":\"https:\/\/moquet.org\/#\/schema\/person\/a832cfcb2b0691af78e6937c520807e1\",\"name\":\"Aur\u00e9lien\",\"image\":{\"@type\":\"ImageObject\",\"inLanguage\":\"fr-FR\",\"@id\":\"https:\/\/secure.gravatar.com\/avatar\/40e27b35504aca19c441a4ea347182b086b456a730b85cfefd391d690618802f?s=96&d=mm&r=g\",\"url\":\"https:\/\/secure.gravatar.com\/avatar\/40e27b35504aca19c441a4ea347182b086b456a730b85cfefd391d690618802f?s=96&d=mm&r=g\",\"contentUrl\":\"https:\/\/secure.gravatar.com\/avatar\/40e27b35504aca19c441a4ea347182b086b456a730b85cfefd391d690618802f?s=96&d=mm&r=g\",\"caption\":\"Aur\u00e9lien\"},\"sameAs\":[\"http:\/\/moquet.org\"],\"url\":\"https:\/\/moquet.org\/index.php\/author\/admin4682\/\"}]}<\/script>\n<!-- \/ Yoast SEO plugin. -->","yoast_head_json":{"title":"Jura : Pic de l'aigle - Aur\u00e9lien Moquet","robots":{"index":"index","follow":"follow","max-snippet":"max-snippet:-1","max-image-preview":"max-image-preview:large","max-video-preview":"max-video-preview:-1"},"canonical":"https:\/\/moquet.org\/index.php\/2022\/11\/11\/jura-pic-de-laigle\/","og_locale":"fr_FR","og_type":"article","og_title":"Jura : Pic de l'aigle - Aur\u00e9lien Moquet","og_description":"Perch\u00e9 \u00e0 environ 900 m\u00e8tres d&rsquo;altitude, le belv\u00e9d\u00e8re des 4 lacs offre une vision panoramique sur les diff\u00e9rents reliefs arrondis du Jura et permettent d&#8217;embrasser du regard 4 lacs d&rsquo;origine glaciaire : Ilay, Narlay, Petit et Grand Maclu&#8230; Jade, saphir, turquoise, kaki,&nbsp; de l\u00e0-haut, les nuances de vert et bleu varient au gr\u00e9 des saisons [&hellip;]","og_url":"https:\/\/moquet.org\/index.php\/2022\/11\/11\/jura-pic-de-laigle\/","og_site_name":"Aur\u00e9lien Moquet","article_publisher":"https:\/\/www.facebook.com\/profile.php?id=61575096712224&locale=fr_FR","article_published_time":"2022-11-11T16:08:47+00:00","article_modified_time":"2024-12-07T15:02:44+00:00","og_image":[{"width":1100,"height":825,"url":"https:\/\/moquet.org\/wp-content\/uploads\/2024\/12\/4-lacs-1.jpg","type":"image\/jpeg"}],"author":"Aur\u00e9lien","twitter_card":"summary_large_image","twitter_misc":{"\u00c9crit par":"Aur\u00e9lien","Dur\u00e9e de lecture estim\u00e9e":"1 minute"},"schema":{"@context":"https:\/\/schema.org","@graph":[{"@type":"Article","@id":"https:\/\/moquet.org\/index.php\/2022\/11\/11\/jura-pic-de-laigle\/#article","isPartOf":{"@id":"https:\/\/moquet.org\/index.php\/2022\/11\/11\/jura-pic-de-laigle\/"},"author":{"name":"Aur\u00e9lien","@id":"https:\/\/moquet.org\/#\/schema\/person\/a832cfcb2b0691af78e6937c520807e1"},"headline":"Jura : Pic de l&rsquo;aigle","datePublished":"2022-11-11T16:08:47+00:00","dateModified":"2024-12-07T15:02:44+00:00","mainEntityOfPage":{"@id":"https:\/\/moquet.org\/index.php\/2022\/11\/11\/jura-pic-de-laigle\/"},"wordCount":208,"publisher":{"@id":"https:\/\/moquet.org\/#organization"},"image":{"@id":"https:\/\/moquet.org\/index.php\/2022\/11\/11\/jura-pic-de-laigle\/#primaryimage"},"thumbnailUrl":"https:\/\/moquet.org\/wp-content\/uploads\/2024\/12\/4-lacs-1.jpg","articleSection":["Id\u00e9e rando"],"inLanguage":"fr-FR"},{"@type":"WebPage","@id":"https:\/\/moquet.org\/index.php\/2022\/11\/11\/jura-pic-de-laigle\/","url":"https:\/\/moquet.org\/index.php\/2022\/11\/11\/jura-pic-de-laigle\/","name":"Jura : Pic de l'aigle - Aur\u00e9lien Moquet","isPartOf":{"@id":"https:\/\/moquet.org\/#website"},"primaryImageOfPage":{"@id":"https:\/\/moquet.org\/index.php\/2022\/11\/11\/jura-pic-de-laigle\/#primaryimage"},"image":{"@id":"https:\/\/moquet.org\/index.php\/2022\/11\/11\/jura-pic-de-laigle\/#primaryimage"},"thumbnailUrl":"https:\/\/moquet.org\/wp-content\/uploads\/2024\/12\/4-lacs-1.jpg","datePublished":"2022-11-11T16:08:47+00:00","dateModified":"2024-12-07T15:02:44+00:00","breadcrumb":{"@id":"https:\/\/moquet.org\/index.php\/2022\/11\/11\/jura-pic-de-laigle\/#breadcrumb"},"inLanguage":"fr-FR","potentialAction":[{"@type":"ReadAction","target":["https:\/\/moquet.org\/index.php\/2022\/11\/11\/jura-pic-de-laigle\/"]}]},{"@type":"ImageObject","inLanguage":"fr-FR","@id":"https:\/\/moquet.org\/index.php\/2022\/11\/11\/jura-pic-de-laigle\/#primaryimage","url":"https:\/\/moquet.org\/wp-content\/uploads\/2024\/12\/4-lacs-1.jpg","contentUrl":"https:\/\/moquet.org\/wp-content\/uploads\/2024\/12\/4-lacs-1.jpg","width":1100,"height":825},{"@type":"BreadcrumbList","@id":"https:\/\/moquet.org\/index.php\/2022\/11\/11\/jura-pic-de-laigle\/#breadcrumb","itemListElement":[{"@type":"ListItem","position":1,"name":"Accueil","item":"https:\/\/moquet.org\/"},{"@type":"ListItem","position":2,"name":"Jura : Pic de l&rsquo;aigle"}]},{"@type":"WebSite","@id":"https:\/\/moquet.org\/#website","url":"https:\/\/moquet.org\/","name":"Aur\u00e9lien Moquet","description":"","publisher":{"@id":"https:\/\/moquet.org\/#organization"},"potentialAction":[{"@type":"SearchAction","target":{"@type":"EntryPoint","urlTemplate":"https:\/\/moquet.org\/?s={search_term_string}"},"query-input":{"@type":"PropertyValueSpecification","valueRequired":true,"valueName":"search_term_string"}}],"inLanguage":"fr-FR"},{"@type":"Organization","@id":"https:\/\/moquet.org\/#organization","name":"Aur\u00e9lien Moquet","url":"https:\/\/moquet.org\/","logo":{"@type":"ImageObject","inLanguage":"fr-FR","@id":"https:\/\/moquet.org\/#\/schema\/logo\/image\/","url":"https:\/\/moquet.org\/wp-content\/uploads\/2026\/02\/Signature-AM-Black-Winter_Pen-scaled.png","contentUrl":"https:\/\/moquet.org\/wp-content\/uploads\/2026\/02\/Signature-AM-Black-Winter_Pen-scaled.png","width":2560,"height":683,"caption":"Aur\u00e9lien Moquet"},"image":{"@id":"https:\/\/moquet.org\/#\/schema\/logo\/image\/"},"sameAs":["https:\/\/www.facebook.com\/profile.php?id=61575096712224&locale=fr_FR"]},{"@type":"Person","@id":"https:\/\/moquet.org\/#\/schema\/person\/a832cfcb2b0691af78e6937c520807e1","name":"Aur\u00e9lien","image":{"@type":"ImageObject","inLanguage":"fr-FR","@id":"https:\/\/secure.gravatar.com\/avatar\/40e27b35504aca19c441a4ea347182b086b456a730b85cfefd391d690618802f?s=96&d=mm&r=g","url":"https:\/\/secure.gravatar.com\/avatar\/40e27b35504aca19c441a4ea347182b086b456a730b85cfefd391d690618802f?s=96&d=mm&r=g","contentUrl":"https:\/\/secure.gravatar.com\/avatar\/40e27b35504aca19c441a4ea347182b086b456a730b85cfefd391d690618802f?s=96&d=mm&r=g","caption":"Aur\u00e9lien"},"sameAs":["http:\/\/moquet.org"],"url":"https:\/\/moquet.org\/index.php\/author\/admin4682\/"}]}},"_links":{"self":[{"href":"https:\/\/moquet.org\/index.php\/wp-json\/wp\/v2\/posts\/444","targetHints":{"allow":["GET"]}}],"collection":[{"href":"https:\/\/moquet.org\/index.php\/wp-json\/wp\/v2\/posts"}],"about":[{"href":"https:\/\/moquet.org\/index.php\/wp-json\/wp\/v2\/types\/post"}],"author":[{"embeddable":true,"href":"https:\/\/moquet.org\/index.php\/wp-json\/wp\/v2\/users\/1"}],"replies":[{"embeddable":true,"href":"https:\/\/moquet.org\/index.php\/wp-json\/wp\/v2\/comments?post=444"}],"version-history":[{"count":0,"href":"https:\/\/moquet.org\/index.php\/wp-json\/wp\/v2\/posts\/444\/revisions"}],"wp:featuredmedia":[{"embeddable":true,"href":"https:\/\/moquet.org\/index.php\/wp-json\/wp\/v2\/media\/449"}],"wp:attachment":[{"href":"https:\/\/moquet.org\/index.php\/wp-json\/wp\/v2\/media?parent=444"}],"wp:term":[{"taxonomy":"category","embeddable":true,"href":"https:\/\/moquet.org\/index.php\/wp-json\/wp\/v2\/categories?post=444"},{"taxonomy":"post_tag","embeddable":true,"href":"https:\/\/moquet.org\/index.php\/wp-json\/wp\/v2\/tags?post=444"}],"curies":[{"name":"wp","href":"https:\/\/api.w.org\/{rel}","templated":true}]}}