{"id":453,"date":"2023-03-19T11:41:57","date_gmt":"2023-03-19T10:41:57","guid":{"rendered":"https:\/\/moquet.org\/?p=453"},"modified":"2024-12-03T11:42:42","modified_gmt":"2024-12-03T10:42:42","slug":"cascade-des-dards","status":"publish","type":"post","link":"https:\/\/moquet.org\/index.php\/2023\/03\/19\/cascade-des-dards\/","title":{"rendered":"Cascade des Dards"},"content":{"rendered":"\n<p>La Cascade des Dards est situ\u00e9e dans la sud de la r\u00e9gion du Bugey, entre  Cheignieu la Balme et le lac de Virieu.<\/p>\n\n\n\n<p>Cette rando en boucle d&rsquo;environ 9 km, n&rsquo;est pas la plus jolie du secteur, car le site de la Cascade des Dards n&rsquo;est ni am\u00e9nag\u00e9, ni s\u00e9curis\u00e9, ni balis\u00e9\u2026mais elle permet de d\u00e9couvrir un site magnifique !<\/p>\n\n\n\n<p>Le dernier kilom\u00e8tre se fait par la route (en l&rsquo;absence de chemin ouvert) et une partie de la descente d&rsquo;acc\u00e8s aux cascades n\u00e9cessite de s&rsquo;accrocher \u00e0 la corde install\u00e9e en main courante&#8230; Soyez prudents !<\/p>\n\n\n\n<figure class=\"wp-block-gallery has-nested-images columns-default is-cropped wp-block-gallery-1 is-layout-flex wp-block-gallery-is-layout-flex\">\n<figure class=\"wp-block-image size-large\"><a href=\"https:\/\/moquet.org\/wp-content\/uploads\/2024\/12\/cascades-des-dards-1-rotated.jpg\"><img loading=\"lazy\" decoding=\"async\" width=\"576\" height=\"1024\" data-id=\"454\" src=\"https:\/\/moquet.org\/wp-content\/uploads\/2024\/12\/cascades-des-dards-1-576x1024.jpg\" alt=\"\" class=\"wp-image-454\" srcset=\"https:\/\/moquet.org\/wp-content\/uploads\/2024\/12\/cascades-des-dards-1-576x1024.jpg 576w, https:\/\/moquet.org\/wp-content\/uploads\/2024\/12\/cascades-des-dards-1-169x300.jpg 169w, https:\/\/moquet.org\/wp-content\/uploads\/2024\/12\/cascades-des-dards-1-768x1366.jpg 768w, https:\/\/moquet.org\/wp-content\/uploads\/2024\/12\/cascades-des-dards-1-864x1536.jpg 864w, https:\/\/moquet.org\/wp-content\/uploads\/2024\/12\/cascades-des-dards-1-rotated.jpg 1000w\" sizes=\"auto, (max-width: 576px) 100vw, 576px\" \/><\/a><\/figure>\n\n\n\n<figure class=\"wp-block-image size-large\"><a href=\"https:\/\/moquet.org\/wp-content\/uploads\/2024\/12\/cascades-des-dards-2-rotated.jpg\"><img loading=\"lazy\" decoding=\"async\" width=\"576\" height=\"1024\" data-id=\"457\" src=\"https:\/\/moquet.org\/wp-content\/uploads\/2024\/12\/cascades-des-dards-2-576x1024.jpg\" alt=\"\" class=\"wp-image-457\" srcset=\"https:\/\/moquet.org\/wp-content\/uploads\/2024\/12\/cascades-des-dards-2-576x1024.jpg 576w, https:\/\/moquet.org\/wp-content\/uploads\/2024\/12\/cascades-des-dards-2-169x300.jpg 169w, https:\/\/moquet.org\/wp-content\/uploads\/2024\/12\/cascades-des-dards-2-768x1365.jpg 768w, https:\/\/moquet.org\/wp-content\/uploads\/2024\/12\/cascades-des-dards-2-864x1536.jpg 864w, https:\/\/moquet.org\/wp-content\/uploads\/2024\/12\/cascades-des-dards-2-rotated.jpg 900w\" sizes=\"auto, (max-width: 576px) 100vw, 576px\" \/><\/a><\/figure>\n\n\n\n<figure class=\"wp-block-image size-large\"><a href=\"https:\/\/moquet.org\/wp-content\/uploads\/2024\/12\/Cascades-des-dards-4-rotated.jpg\"><img loading=\"lazy\" decoding=\"async\" width=\"576\" height=\"1024\" data-id=\"456\" src=\"https:\/\/moquet.org\/wp-content\/uploads\/2024\/12\/Cascades-des-dards-4-576x1024.jpg\" alt=\"\" class=\"wp-image-456\" srcset=\"https:\/\/moquet.org\/wp-content\/uploads\/2024\/12\/Cascades-des-dards-4-576x1024.jpg 576w, https:\/\/moquet.org\/wp-content\/uploads\/2024\/12\/Cascades-des-dards-4-169x300.jpg 169w, https:\/\/moquet.org\/wp-content\/uploads\/2024\/12\/Cascades-des-dards-4-768x1365.jpg 768w, https:\/\/moquet.org\/wp-content\/uploads\/2024\/12\/Cascades-des-dards-4-864x1536.jpg 864w, https:\/\/moquet.org\/wp-content\/uploads\/2024\/12\/Cascades-des-dards-4-rotated.jpg 900w\" sizes=\"auto, (max-width: 576px) 100vw, 576px\" \/><\/a><\/figure>\n\n\n\n<figure class=\"wp-block-image size-large\"><a href=\"https:\/\/moquet.org\/wp-content\/uploads\/2024\/12\/Cascades-des-dards-3-rotated.jpg\"><img loading=\"lazy\" decoding=\"async\" width=\"576\" height=\"1024\" data-id=\"455\" src=\"https:\/\/moquet.org\/wp-content\/uploads\/2024\/12\/Cascades-des-dards-3-576x1024.jpg\" alt=\"\" class=\"wp-image-455\" srcset=\"https:\/\/moquet.org\/wp-content\/uploads\/2024\/12\/Cascades-des-dards-3-576x1024.jpg 576w, https:\/\/moquet.org\/wp-content\/uploads\/2024\/12\/Cascades-des-dards-3-169x300.jpg 169w, https:\/\/moquet.org\/wp-content\/uploads\/2024\/12\/Cascades-des-dards-3-768x1365.jpg 768w, https:\/\/moquet.org\/wp-content\/uploads\/2024\/12\/Cascades-des-dards-3-864x1536.jpg 864w, https:\/\/moquet.org\/wp-content\/uploads\/2024\/12\/Cascades-des-dards-3-rotated.jpg 900w\" sizes=\"auto, (max-width: 576px) 100vw, 576px\" \/><\/a><\/figure>\n\n\n\n<figure class=\"wp-block-image size-large\"><a href=\"https:\/\/moquet.org\/wp-content\/uploads\/2024\/12\/cascades-des-dards-5-rotated.jpg\"><img loading=\"lazy\" decoding=\"async\" width=\"576\" height=\"1024\" data-id=\"458\" src=\"https:\/\/moquet.org\/wp-content\/uploads\/2024\/12\/cascades-des-dards-5-576x1024.jpg\" alt=\"\" class=\"wp-image-458\" srcset=\"https:\/\/moquet.org\/wp-content\/uploads\/2024\/12\/cascades-des-dards-5-576x1024.jpg 576w, https:\/\/moquet.org\/wp-content\/uploads\/2024\/12\/cascades-des-dards-5-169x300.jpg 169w, https:\/\/moquet.org\/wp-content\/uploads\/2024\/12\/cascades-des-dards-5-768x1365.jpg 768w, https:\/\/moquet.org\/wp-content\/uploads\/2024\/12\/cascades-des-dards-5-864x1536.jpg 864w, https:\/\/moquet.org\/wp-content\/uploads\/2024\/12\/cascades-des-dards-5-rotated.jpg 900w\" sizes=\"auto, (max-width: 576px) 100vw, 576px\" \/><\/a><\/figure>\n<\/figure>\n\n\n\n<center> <iframe loading=\"lazy\" width=\"100%\" height=\"300px\" frameborder=\"0\" allowfullscreen allow=\"geolocation\" src=\"\/\/umap.openstreetmap.fr\/fr\/map\/cascades-des-dards_1147177?scaleControl=false&#038;miniMap=false&#038;scrollWheelZoom=false&#038;zoomControl=true&#038;editMode=disabled&#038;moreControl=true&#038;searchControl=null&#038;tilelayersControl=null&#038;embedControl=null&#038;datalayersControl=true&#038;onLoadPanel=none&#038;captionBar=false&#038;captionMenus=true\"><\/iframe><p><a href=\"\/\/umap.openstreetmap.fr\/fr\/map\/cascades-des-dards_1147177?scaleControl=false&#038;miniMap=false&#038;scrollWheelZoom=true&#038;zoomControl=true&#038;editMode=disabled&#038;moreControl=true&#038;searchControl=null&#038;tilelayersControl=null&#038;embedControl=null&#038;datalayersControl=true&#038;onLoadPanel=none&#038;captionBar=false&#038;captionMenus=true\">Voir en plein \u00e9cran<\/a><\/p> <\/center>\n","protected":false},"excerpt":{"rendered":"<p>La Cascade des Dards est situ\u00e9e dans la sud de la r\u00e9gion du Bugey, entre Cheignieu la Balme et le lac de Virieu. Cette rando en boucle d&rsquo;environ 9 km, n&rsquo;est pas la plus jolie du secteur, car le site de la Cascade des Dards n&rsquo;est ni am\u00e9nag\u00e9, ni s\u00e9curis\u00e9, ni balis\u00e9\u2026mais elle permet de [&hellip;]<\/p>\n","protected":false},"author":1,"featured_media":454,"comment_status":"closed","ping_status":"open","sticky":false,"template":"","format":"standard","meta":{"footnotes":""},"categories":[9],"tags":[],"class_list":["post-453","post","type-post","status-publish","format-standard","has-post-thumbnail","hentry","category-idee-rando"],"yoast_head":"<!-- This site is optimized with the Yoast SEO plugin v27.2 - https:\/\/yoast.com\/product\/yoast-seo-wordpress\/ -->\n<title>Cascade des Dards - Aur\u00e9lien Moquet<\/title>\n<meta name=\"robots\" content=\"index, follow, max-snippet:-1, max-image-preview:large, max-video-preview:-1\" \/>\n<link rel=\"canonical\" href=\"https:\/\/moquet.org\/index.php\/2023\/03\/19\/cascade-des-dards\/\" \/>\n<meta property=\"og:locale\" content=\"fr_FR\" \/>\n<meta property=\"og:type\" content=\"article\" \/>\n<meta property=\"og:title\" content=\"Cascade des Dards - Aur\u00e9lien Moquet\" \/>\n<meta property=\"og:description\" content=\"La Cascade des Dards est situ\u00e9e dans la sud de la r\u00e9gion du Bugey, entre Cheignieu la Balme et le lac de Virieu. Cette rando en boucle d&rsquo;environ 9 km, n&rsquo;est pas la plus jolie du secteur, car le site de la Cascade des Dards n&rsquo;est ni am\u00e9nag\u00e9, ni s\u00e9curis\u00e9, ni balis\u00e9\u2026mais elle permet de [&hellip;]\" \/>\n<meta property=\"og:url\" content=\"https:\/\/moquet.org\/index.php\/2023\/03\/19\/cascade-des-dards\/\" \/>\n<meta property=\"og:site_name\" content=\"Aur\u00e9lien Moquet\" \/>\n<meta property=\"article:publisher\" content=\"https:\/\/www.facebook.com\/profile.php?id=61575096712224&amp;locale=fr_FR\" \/>\n<meta property=\"article:published_time\" content=\"2023-03-19T10:41:57+00:00\" \/>\n<meta property=\"article:modified_time\" content=\"2024-12-03T10:42:42+00:00\" \/>\n<meta property=\"og:image\" content=\"https:\/\/moquet.org\/wp-content\/uploads\/2024\/12\/cascades-des-dards-1-rotated.jpg\" \/>\n\t<meta property=\"og:image:width\" content=\"1000\" \/>\n\t<meta property=\"og:image:height\" content=\"1778\" \/>\n\t<meta property=\"og:image:type\" content=\"image\/jpeg\" \/>\n<meta name=\"author\" content=\"Aur\u00e9lien\" \/>\n<meta name=\"twitter:card\" content=\"summary_large_image\" \/>\n<meta name=\"twitter:label1\" content=\"\u00c9crit par\" \/>\n\t<meta name=\"twitter:data1\" content=\"Aur\u00e9lien\" \/>\n\t<meta name=\"twitter:label2\" content=\"Dur\u00e9e de lecture estim\u00e9e\" \/>\n\t<meta name=\"twitter:data2\" content=\"1 minute\" \/>\n<script type=\"application\/ld+json\" class=\"yoast-schema-graph\">{\"@context\":\"https:\/\/schema.org\",\"@graph\":[{\"@type\":\"Article\",\"@id\":\"https:\/\/moquet.org\/index.php\/2023\/03\/19\/cascade-des-dards\/#article\",\"isPartOf\":{\"@id\":\"https:\/\/moquet.org\/index.php\/2023\/03\/19\/cascade-des-dards\/\"},\"author\":{\"name\":\"Aur\u00e9lien\",\"@id\":\"https:\/\/moquet.org\/#\/schema\/person\/a832cfcb2b0691af78e6937c520807e1\"},\"headline\":\"Cascade des Dards\",\"datePublished\":\"2023-03-19T10:41:57+00:00\",\"dateModified\":\"2024-12-03T10:42:42+00:00\",\"mainEntityOfPage\":{\"@id\":\"https:\/\/moquet.org\/index.php\/2023\/03\/19\/cascade-des-dards\/\"},\"wordCount\":114,\"publisher\":{\"@id\":\"https:\/\/moquet.org\/#organization\"},\"image\":{\"@id\":\"https:\/\/moquet.org\/index.php\/2023\/03\/19\/cascade-des-dards\/#primaryimage\"},\"thumbnailUrl\":\"https:\/\/moquet.org\/wp-content\/uploads\/2024\/12\/cascades-des-dards-1-rotated.jpg\",\"articleSection\":[\"Id\u00e9e rando\"],\"inLanguage\":\"fr-FR\"},{\"@type\":\"WebPage\",\"@id\":\"https:\/\/moquet.org\/index.php\/2023\/03\/19\/cascade-des-dards\/\",\"url\":\"https:\/\/moquet.org\/index.php\/2023\/03\/19\/cascade-des-dards\/\",\"name\":\"Cascade des Dards - Aur\u00e9lien Moquet\",\"isPartOf\":{\"@id\":\"https:\/\/moquet.org\/#website\"},\"primaryImageOfPage\":{\"@id\":\"https:\/\/moquet.org\/index.php\/2023\/03\/19\/cascade-des-dards\/#primaryimage\"},\"image\":{\"@id\":\"https:\/\/moquet.org\/index.php\/2023\/03\/19\/cascade-des-dards\/#primaryimage\"},\"thumbnailUrl\":\"https:\/\/moquet.org\/wp-content\/uploads\/2024\/12\/cascades-des-dards-1-rotated.jpg\",\"datePublished\":\"2023-03-19T10:41:57+00:00\",\"dateModified\":\"2024-12-03T10:42:42+00:00\",\"breadcrumb\":{\"@id\":\"https:\/\/moquet.org\/index.php\/2023\/03\/19\/cascade-des-dards\/#breadcrumb\"},\"inLanguage\":\"fr-FR\",\"potentialAction\":[{\"@type\":\"ReadAction\",\"target\":[\"https:\/\/moquet.org\/index.php\/2023\/03\/19\/cascade-des-dards\/\"]}]},{\"@type\":\"ImageObject\",\"inLanguage\":\"fr-FR\",\"@id\":\"https:\/\/moquet.org\/index.php\/2023\/03\/19\/cascade-des-dards\/#primaryimage\",\"url\":\"https:\/\/moquet.org\/wp-content\/uploads\/2024\/12\/cascades-des-dards-1-rotated.jpg\",\"contentUrl\":\"https:\/\/moquet.org\/wp-content\/uploads\/2024\/12\/cascades-des-dards-1-rotated.jpg\",\"width\":1000,\"height\":1778},{\"@type\":\"BreadcrumbList\",\"@id\":\"https:\/\/moquet.org\/index.php\/2023\/03\/19\/cascade-des-dards\/#breadcrumb\",\"itemListElement\":[{\"@type\":\"ListItem\",\"position\":1,\"name\":\"Accueil\",\"item\":\"https:\/\/moquet.org\/\"},{\"@type\":\"ListItem\",\"position\":2,\"name\":\"Cascade des Dards\"}]},{\"@type\":\"WebSite\",\"@id\":\"https:\/\/moquet.org\/#website\",\"url\":\"https:\/\/moquet.org\/\",\"name\":\"Aur\u00e9lien Moquet\",\"description\":\"\",\"publisher\":{\"@id\":\"https:\/\/moquet.org\/#organization\"},\"potentialAction\":[{\"@type\":\"SearchAction\",\"target\":{\"@type\":\"EntryPoint\",\"urlTemplate\":\"https:\/\/moquet.org\/?s={search_term_string}\"},\"query-input\":{\"@type\":\"PropertyValueSpecification\",\"valueRequired\":true,\"valueName\":\"search_term_string\"}}],\"inLanguage\":\"fr-FR\"},{\"@type\":\"Organization\",\"@id\":\"https:\/\/moquet.org\/#organization\",\"name\":\"Aur\u00e9lien Moquet\",\"url\":\"https:\/\/moquet.org\/\",\"logo\":{\"@type\":\"ImageObject\",\"inLanguage\":\"fr-FR\",\"@id\":\"https:\/\/moquet.org\/#\/schema\/logo\/image\/\",\"url\":\"https:\/\/moquet.org\/wp-content\/uploads\/2026\/02\/Signature-AM-Black-Winter_Pen-scaled.png\",\"contentUrl\":\"https:\/\/moquet.org\/wp-content\/uploads\/2026\/02\/Signature-AM-Black-Winter_Pen-scaled.png\",\"width\":2560,\"height\":683,\"caption\":\"Aur\u00e9lien Moquet\"},\"image\":{\"@id\":\"https:\/\/moquet.org\/#\/schema\/logo\/image\/\"},\"sameAs\":[\"https:\/\/www.facebook.com\/profile.php?id=61575096712224&locale=fr_FR\"]},{\"@type\":\"Person\",\"@id\":\"https:\/\/moquet.org\/#\/schema\/person\/a832cfcb2b0691af78e6937c520807e1\",\"name\":\"Aur\u00e9lien\",\"image\":{\"@type\":\"ImageObject\",\"inLanguage\":\"fr-FR\",\"@id\":\"https:\/\/secure.gravatar.com\/avatar\/40e27b35504aca19c441a4ea347182b086b456a730b85cfefd391d690618802f?s=96&d=mm&r=g\",\"url\":\"https:\/\/secure.gravatar.com\/avatar\/40e27b35504aca19c441a4ea347182b086b456a730b85cfefd391d690618802f?s=96&d=mm&r=g\",\"contentUrl\":\"https:\/\/secure.gravatar.com\/avatar\/40e27b35504aca19c441a4ea347182b086b456a730b85cfefd391d690618802f?s=96&d=mm&r=g\",\"caption\":\"Aur\u00e9lien\"},\"sameAs\":[\"http:\/\/moquet.org\"],\"url\":\"https:\/\/moquet.org\/index.php\/author\/admin4682\/\"}]}<\/script>\n<!-- \/ Yoast SEO plugin. -->","yoast_head_json":{"title":"Cascade des Dards - Aur\u00e9lien Moquet","robots":{"index":"index","follow":"follow","max-snippet":"max-snippet:-1","max-image-preview":"max-image-preview:large","max-video-preview":"max-video-preview:-1"},"canonical":"https:\/\/moquet.org\/index.php\/2023\/03\/19\/cascade-des-dards\/","og_locale":"fr_FR","og_type":"article","og_title":"Cascade des Dards - Aur\u00e9lien Moquet","og_description":"La Cascade des Dards est situ\u00e9e dans la sud de la r\u00e9gion du Bugey, entre Cheignieu la Balme et le lac de Virieu. Cette rando en boucle d&rsquo;environ 9 km, n&rsquo;est pas la plus jolie du secteur, car le site de la Cascade des Dards n&rsquo;est ni am\u00e9nag\u00e9, ni s\u00e9curis\u00e9, ni balis\u00e9\u2026mais elle permet de [&hellip;]","og_url":"https:\/\/moquet.org\/index.php\/2023\/03\/19\/cascade-des-dards\/","og_site_name":"Aur\u00e9lien Moquet","article_publisher":"https:\/\/www.facebook.com\/profile.php?id=61575096712224&locale=fr_FR","article_published_time":"2023-03-19T10:41:57+00:00","article_modified_time":"2024-12-03T10:42:42+00:00","og_image":[{"width":1000,"height":1778,"url":"https:\/\/moquet.org\/wp-content\/uploads\/2024\/12\/cascades-des-dards-1-rotated.jpg","type":"image\/jpeg"}],"author":"Aur\u00e9lien","twitter_card":"summary_large_image","twitter_misc":{"\u00c9crit par":"Aur\u00e9lien","Dur\u00e9e de lecture estim\u00e9e":"1 minute"},"schema":{"@context":"https:\/\/schema.org","@graph":[{"@type":"Article","@id":"https:\/\/moquet.org\/index.php\/2023\/03\/19\/cascade-des-dards\/#article","isPartOf":{"@id":"https:\/\/moquet.org\/index.php\/2023\/03\/19\/cascade-des-dards\/"},"author":{"name":"Aur\u00e9lien","@id":"https:\/\/moquet.org\/#\/schema\/person\/a832cfcb2b0691af78e6937c520807e1"},"headline":"Cascade des Dards","datePublished":"2023-03-19T10:41:57+00:00","dateModified":"2024-12-03T10:42:42+00:00","mainEntityOfPage":{"@id":"https:\/\/moquet.org\/index.php\/2023\/03\/19\/cascade-des-dards\/"},"wordCount":114,"publisher":{"@id":"https:\/\/moquet.org\/#organization"},"image":{"@id":"https:\/\/moquet.org\/index.php\/2023\/03\/19\/cascade-des-dards\/#primaryimage"},"thumbnailUrl":"https:\/\/moquet.org\/wp-content\/uploads\/2024\/12\/cascades-des-dards-1-rotated.jpg","articleSection":["Id\u00e9e rando"],"inLanguage":"fr-FR"},{"@type":"WebPage","@id":"https:\/\/moquet.org\/index.php\/2023\/03\/19\/cascade-des-dards\/","url":"https:\/\/moquet.org\/index.php\/2023\/03\/19\/cascade-des-dards\/","name":"Cascade des Dards - Aur\u00e9lien Moquet","isPartOf":{"@id":"https:\/\/moquet.org\/#website"},"primaryImageOfPage":{"@id":"https:\/\/moquet.org\/index.php\/2023\/03\/19\/cascade-des-dards\/#primaryimage"},"image":{"@id":"https:\/\/moquet.org\/index.php\/2023\/03\/19\/cascade-des-dards\/#primaryimage"},"thumbnailUrl":"https:\/\/moquet.org\/wp-content\/uploads\/2024\/12\/cascades-des-dards-1-rotated.jpg","datePublished":"2023-03-19T10:41:57+00:00","dateModified":"2024-12-03T10:42:42+00:00","breadcrumb":{"@id":"https:\/\/moquet.org\/index.php\/2023\/03\/19\/cascade-des-dards\/#breadcrumb"},"inLanguage":"fr-FR","potentialAction":[{"@type":"ReadAction","target":["https:\/\/moquet.org\/index.php\/2023\/03\/19\/cascade-des-dards\/"]}]},{"@type":"ImageObject","inLanguage":"fr-FR","@id":"https:\/\/moquet.org\/index.php\/2023\/03\/19\/cascade-des-dards\/#primaryimage","url":"https:\/\/moquet.org\/wp-content\/uploads\/2024\/12\/cascades-des-dards-1-rotated.jpg","contentUrl":"https:\/\/moquet.org\/wp-content\/uploads\/2024\/12\/cascades-des-dards-1-rotated.jpg","width":1000,"height":1778},{"@type":"BreadcrumbList","@id":"https:\/\/moquet.org\/index.php\/2023\/03\/19\/cascade-des-dards\/#breadcrumb","itemListElement":[{"@type":"ListItem","position":1,"name":"Accueil","item":"https:\/\/moquet.org\/"},{"@type":"ListItem","position":2,"name":"Cascade des Dards"}]},{"@type":"WebSite","@id":"https:\/\/moquet.org\/#website","url":"https:\/\/moquet.org\/","name":"Aur\u00e9lien Moquet","description":"","publisher":{"@id":"https:\/\/moquet.org\/#organization"},"potentialAction":[{"@type":"SearchAction","target":{"@type":"EntryPoint","urlTemplate":"https:\/\/moquet.org\/?s={search_term_string}"},"query-input":{"@type":"PropertyValueSpecification","valueRequired":true,"valueName":"search_term_string"}}],"inLanguage":"fr-FR"},{"@type":"Organization","@id":"https:\/\/moquet.org\/#organization","name":"Aur\u00e9lien Moquet","url":"https:\/\/moquet.org\/","logo":{"@type":"ImageObject","inLanguage":"fr-FR","@id":"https:\/\/moquet.org\/#\/schema\/logo\/image\/","url":"https:\/\/moquet.org\/wp-content\/uploads\/2026\/02\/Signature-AM-Black-Winter_Pen-scaled.png","contentUrl":"https:\/\/moquet.org\/wp-content\/uploads\/2026\/02\/Signature-AM-Black-Winter_Pen-scaled.png","width":2560,"height":683,"caption":"Aur\u00e9lien Moquet"},"image":{"@id":"https:\/\/moquet.org\/#\/schema\/logo\/image\/"},"sameAs":["https:\/\/www.facebook.com\/profile.php?id=61575096712224&locale=fr_FR"]},{"@type":"Person","@id":"https:\/\/moquet.org\/#\/schema\/person\/a832cfcb2b0691af78e6937c520807e1","name":"Aur\u00e9lien","image":{"@type":"ImageObject","inLanguage":"fr-FR","@id":"https:\/\/secure.gravatar.com\/avatar\/40e27b35504aca19c441a4ea347182b086b456a730b85cfefd391d690618802f?s=96&d=mm&r=g","url":"https:\/\/secure.gravatar.com\/avatar\/40e27b35504aca19c441a4ea347182b086b456a730b85cfefd391d690618802f?s=96&d=mm&r=g","contentUrl":"https:\/\/secure.gravatar.com\/avatar\/40e27b35504aca19c441a4ea347182b086b456a730b85cfefd391d690618802f?s=96&d=mm&r=g","caption":"Aur\u00e9lien"},"sameAs":["http:\/\/moquet.org"],"url":"https:\/\/moquet.org\/index.php\/author\/admin4682\/"}]}},"_links":{"self":[{"href":"https:\/\/moquet.org\/index.php\/wp-json\/wp\/v2\/posts\/453","targetHints":{"allow":["GET"]}}],"collection":[{"href":"https:\/\/moquet.org\/index.php\/wp-json\/wp\/v2\/posts"}],"about":[{"href":"https:\/\/moquet.org\/index.php\/wp-json\/wp\/v2\/types\/post"}],"author":[{"embeddable":true,"href":"https:\/\/moquet.org\/index.php\/wp-json\/wp\/v2\/users\/1"}],"replies":[{"embeddable":true,"href":"https:\/\/moquet.org\/index.php\/wp-json\/wp\/v2\/comments?post=453"}],"version-history":[{"count":0,"href":"https:\/\/moquet.org\/index.php\/wp-json\/wp\/v2\/posts\/453\/revisions"}],"wp:featuredmedia":[{"embeddable":true,"href":"https:\/\/moquet.org\/index.php\/wp-json\/wp\/v2\/media\/454"}],"wp:attachment":[{"href":"https:\/\/moquet.org\/index.php\/wp-json\/wp\/v2\/media?parent=453"}],"wp:term":[{"taxonomy":"category","embeddable":true,"href":"https:\/\/moquet.org\/index.php\/wp-json\/wp\/v2\/categories?post=453"},{"taxonomy":"post_tag","embeddable":true,"href":"https:\/\/moquet.org\/index.php\/wp-json\/wp\/v2\/tags?post=453"}],"curies":[{"name":"wp","href":"https:\/\/api.w.org\/{rel}","templated":true}]}}