{"id":475,"date":"2020-05-21T12:15:16","date_gmt":"2020-05-21T10:15:16","guid":{"rendered":"https:\/\/moquet.org\/?p=475"},"modified":"2024-12-07T12:16:23","modified_gmt":"2024-12-07T11:16:23","slug":"randonnee-la-croix-de-rochefort","status":"publish","type":"post","link":"https:\/\/moquet.org\/index.php\/2020\/05\/21\/randonnee-la-croix-de-rochefort\/","title":{"rendered":"Randonn\u00e9e La Croix de Rochefort"},"content":{"rendered":"\n<p>Entre vignes et bois, ce circuit de 13,5 km permet la d\u00e9couverte de quelques for\u00eats de feuillus et d&rsquo;un magnifique panorama depuis la Croix de Rochefort. Ce point culminant offre une tr\u00e8s belle vue sur Beaujeu et ses montagnes environnantes. D\u00e9nivel\u00e9 positif 623m.<\/p>\n\n\n\n<figure class=\"wp-block-gallery has-nested-images columns-default is-cropped wp-block-gallery-1 is-layout-flex wp-block-gallery-is-layout-flex\">\n<figure class=\"wp-block-image size-large\"><a href=\"https:\/\/moquet.org\/wp-content\/uploads\/2024\/12\/croix-de-rochefort-1.jpg\"><img loading=\"lazy\" decoding=\"async\" width=\"1024\" height=\"768\" data-id=\"490\" src=\"https:\/\/moquet.org\/wp-content\/uploads\/2024\/12\/croix-de-rochefort-1-1024x768.jpg\" alt=\"\" class=\"wp-image-490\" srcset=\"https:\/\/moquet.org\/wp-content\/uploads\/2024\/12\/croix-de-rochefort-1-1024x768.jpg 1024w, https:\/\/moquet.org\/wp-content\/uploads\/2024\/12\/croix-de-rochefort-1-300x225.jpg 300w, https:\/\/moquet.org\/wp-content\/uploads\/2024\/12\/croix-de-rochefort-1-768x576.jpg 768w, https:\/\/moquet.org\/wp-content\/uploads\/2024\/12\/croix-de-rochefort-1.jpg 1200w\" sizes=\"auto, (max-width: 1024px) 100vw, 1024px\" \/><\/a><\/figure>\n\n\n\n<figure class=\"wp-block-image size-large\"><a href=\"https:\/\/moquet.org\/wp-content\/uploads\/2024\/12\/croix-de-rochefort-2-rotated.jpg\"><img loading=\"lazy\" decoding=\"async\" width=\"768\" height=\"1024\" data-id=\"486\" src=\"https:\/\/moquet.org\/wp-content\/uploads\/2024\/12\/croix-de-rochefort-2-768x1024.jpg\" alt=\"\" class=\"wp-image-486\" srcset=\"https:\/\/moquet.org\/wp-content\/uploads\/2024\/12\/croix-de-rochefort-2-768x1024.jpg 768w, https:\/\/moquet.org\/wp-content\/uploads\/2024\/12\/croix-de-rochefort-2-225x300.jpg 225w, https:\/\/moquet.org\/wp-content\/uploads\/2024\/12\/croix-de-rochefort-2-rotated.jpg 900w\" sizes=\"auto, (max-width: 768px) 100vw, 768px\" \/><\/a><\/figure>\n\n\n\n<figure class=\"wp-block-image size-large\"><a href=\"https:\/\/moquet.org\/wp-content\/uploads\/2024\/12\/croix-de-rochefort-4-rotated.jpg\"><img loading=\"lazy\" decoding=\"async\" width=\"768\" height=\"1024\" data-id=\"484\" src=\"https:\/\/moquet.org\/wp-content\/uploads\/2024\/12\/croix-de-rochefort-4-768x1024.jpg\" alt=\"\" class=\"wp-image-484\" srcset=\"https:\/\/moquet.org\/wp-content\/uploads\/2024\/12\/croix-de-rochefort-4-768x1024.jpg 768w, https:\/\/moquet.org\/wp-content\/uploads\/2024\/12\/croix-de-rochefort-4-225x300.jpg 225w, https:\/\/moquet.org\/wp-content\/uploads\/2024\/12\/croix-de-rochefort-4-rotated.jpg 900w\" sizes=\"auto, (max-width: 768px) 100vw, 768px\" \/><\/a><\/figure>\n\n\n\n<figure class=\"wp-block-image size-large\"><a href=\"https:\/\/moquet.org\/wp-content\/uploads\/2024\/12\/croix-de-rochefort-5.jpg\"><img loading=\"lazy\" decoding=\"async\" width=\"1024\" height=\"768\" data-id=\"487\" src=\"https:\/\/moquet.org\/wp-content\/uploads\/2024\/12\/croix-de-rochefort-5-1024x768.jpg\" alt=\"\" class=\"wp-image-487\" srcset=\"https:\/\/moquet.org\/wp-content\/uploads\/2024\/12\/croix-de-rochefort-5-1024x768.jpg 1024w, https:\/\/moquet.org\/wp-content\/uploads\/2024\/12\/croix-de-rochefort-5-300x225.jpg 300w, https:\/\/moquet.org\/wp-content\/uploads\/2024\/12\/croix-de-rochefort-5-768x576.jpg 768w, https:\/\/moquet.org\/wp-content\/uploads\/2024\/12\/croix-de-rochefort-5.jpg 1200w\" sizes=\"auto, (max-width: 1024px) 100vw, 1024px\" \/><\/a><\/figure>\n\n\n\n<figure class=\"wp-block-image size-large\"><a href=\"https:\/\/moquet.org\/wp-content\/uploads\/2024\/12\/croix-de-rochefort-6-rotated.jpg\"><img loading=\"lazy\" decoding=\"async\" width=\"768\" height=\"1024\" data-id=\"489\" src=\"https:\/\/moquet.org\/wp-content\/uploads\/2024\/12\/croix-de-rochefort-6-768x1024.jpg\" alt=\"\" class=\"wp-image-489\" srcset=\"https:\/\/moquet.org\/wp-content\/uploads\/2024\/12\/croix-de-rochefort-6-768x1024.jpg 768w, https:\/\/moquet.org\/wp-content\/uploads\/2024\/12\/croix-de-rochefort-6-225x300.jpg 225w, https:\/\/moquet.org\/wp-content\/uploads\/2024\/12\/croix-de-rochefort-6-rotated.jpg 1000w\" sizes=\"auto, (max-width: 768px) 100vw, 768px\" \/><\/a><\/figure>\n\n\n\n<figure class=\"wp-block-image size-large\"><a href=\"https:\/\/moquet.org\/wp-content\/uploads\/2024\/12\/croix-de-rochefort-7-rotated.jpg\"><img loading=\"lazy\" decoding=\"async\" width=\"768\" height=\"1024\" data-id=\"488\" src=\"https:\/\/moquet.org\/wp-content\/uploads\/2024\/12\/croix-de-rochefort-7-768x1024.jpg\" alt=\"\" class=\"wp-image-488\" srcset=\"https:\/\/moquet.org\/wp-content\/uploads\/2024\/12\/croix-de-rochefort-7-768x1024.jpg 768w, https:\/\/moquet.org\/wp-content\/uploads\/2024\/12\/croix-de-rochefort-7-225x300.jpg 225w, https:\/\/moquet.org\/wp-content\/uploads\/2024\/12\/croix-de-rochefort-7-rotated.jpg 900w\" sizes=\"auto, (max-width: 768px) 100vw, 768px\" \/><\/a><\/figure>\n\n\n\n<figure class=\"wp-block-image size-large\"><a href=\"https:\/\/moquet.org\/wp-content\/uploads\/2024\/12\/croix-de-rochefort-3.jpg\"><img loading=\"lazy\" decoding=\"async\" width=\"1024\" height=\"768\" data-id=\"485\" src=\"https:\/\/moquet.org\/wp-content\/uploads\/2024\/12\/croix-de-rochefort-3-1024x768.jpg\" alt=\"\" class=\"wp-image-485\" srcset=\"https:\/\/moquet.org\/wp-content\/uploads\/2024\/12\/croix-de-rochefort-3-1024x768.jpg 1024w, https:\/\/moquet.org\/wp-content\/uploads\/2024\/12\/croix-de-rochefort-3-300x225.jpg 300w, https:\/\/moquet.org\/wp-content\/uploads\/2024\/12\/croix-de-rochefort-3-768x576.jpg 768w, https:\/\/moquet.org\/wp-content\/uploads\/2024\/12\/croix-de-rochefort-3.jpg 1200w\" sizes=\"auto, (max-width: 1024px) 100vw, 1024px\" \/><\/a><\/figure>\n<\/figure>\n\n\n\n<p>Au retour, allez visiter la maison du terroir beaujolais (espace visite et boutique) en plein centre de Beaujeu !<\/p>\n\n\n\n<center> <iframe loading=\"lazy\" width=\"100%\" height=\"300px\" frameborder=\"0\" allowfullscreen allow=\"geolocation\" src=\"\/\/umap.openstreetmap.fr\/fr\/map\/rando-croix-de-rochefort_1149296?scaleControl=false&#038;miniMap=false&#038;scrollWheelZoom=false&#038;zoomControl=true&#038;editMode=disabled&#038;moreControl=true&#038;searchControl=null&#038;tilelayersControl=null&#038;embedControl=null&#038;datalayersControl=true&#038;onLoadPanel=none&#038;captionBar=false&#038;captionMenus=true\"><\/iframe><p><a href=\"\/\/umap.openstreetmap.fr\/fr\/map\/rando-croix-de-rochefort_1149296?scaleControl=false&#038;miniMap=false&#038;scrollWheelZoom=true&#038;zoomControl=true&#038;editMode=disabled&#038;moreControl=true&#038;searchControl=null&#038;tilelayersControl=null&#038;embedControl=null&#038;datalayersControl=true&#038;onLoadPanel=none&#038;captionBar=false&#038;captionMenus=true\">Voir en plein \u00e9cran<\/a><\/p> <\/center>\n","protected":false},"excerpt":{"rendered":"<p>Entre vignes et bois, ce circuit de 13,5 km permet la d\u00e9couverte de quelques for\u00eats de feuillus et d&rsquo;un magnifique panorama depuis la Croix de Rochefort. Ce point culminant offre une tr\u00e8s belle vue sur Beaujeu et ses montagnes environnantes. D\u00e9nivel\u00e9 positif 623m. Au retour, allez visiter la maison du terroir beaujolais (espace visite et [&hellip;]<\/p>\n","protected":false},"author":1,"featured_media":489,"comment_status":"closed","ping_status":"open","sticky":false,"template":"","format":"standard","meta":{"footnotes":""},"categories":[9],"tags":[],"class_list":["post-475","post","type-post","status-publish","format-standard","has-post-thumbnail","hentry","category-idee-rando"],"yoast_head":"<!-- This site is optimized with the Yoast SEO plugin v27.2 - https:\/\/yoast.com\/product\/yoast-seo-wordpress\/ -->\n<title>Randonn\u00e9e La Croix de Rochefort - Aur\u00e9lien Moquet<\/title>\n<meta name=\"robots\" content=\"index, follow, max-snippet:-1, max-image-preview:large, max-video-preview:-1\" \/>\n<link rel=\"canonical\" href=\"https:\/\/moquet.org\/index.php\/2020\/05\/21\/randonnee-la-croix-de-rochefort\/\" \/>\n<meta property=\"og:locale\" content=\"fr_FR\" \/>\n<meta property=\"og:type\" content=\"article\" \/>\n<meta property=\"og:title\" content=\"Randonn\u00e9e La Croix de Rochefort - Aur\u00e9lien Moquet\" \/>\n<meta property=\"og:description\" content=\"Entre vignes et bois, ce circuit de 13,5 km permet la d\u00e9couverte de quelques for\u00eats de feuillus et d&rsquo;un magnifique panorama depuis la Croix de Rochefort. Ce point culminant offre une tr\u00e8s belle vue sur Beaujeu et ses montagnes environnantes. D\u00e9nivel\u00e9 positif 623m. Au retour, allez visiter la maison du terroir beaujolais (espace visite et [&hellip;]\" \/>\n<meta property=\"og:url\" content=\"https:\/\/moquet.org\/index.php\/2020\/05\/21\/randonnee-la-croix-de-rochefort\/\" \/>\n<meta property=\"og:site_name\" content=\"Aur\u00e9lien Moquet\" \/>\n<meta property=\"article:publisher\" content=\"https:\/\/www.facebook.com\/profile.php?id=61575096712224&amp;locale=fr_FR\" \/>\n<meta property=\"article:published_time\" content=\"2020-05-21T10:15:16+00:00\" \/>\n<meta property=\"article:modified_time\" content=\"2024-12-07T11:16:23+00:00\" \/>\n<meta property=\"og:image\" content=\"https:\/\/moquet.org\/wp-content\/uploads\/2024\/12\/croix-de-rochefort-6-rotated.jpg\" \/>\n\t<meta property=\"og:image:width\" content=\"1000\" \/>\n\t<meta property=\"og:image:height\" content=\"1333\" \/>\n\t<meta property=\"og:image:type\" content=\"image\/jpeg\" \/>\n<meta name=\"author\" content=\"Aur\u00e9lien\" \/>\n<meta name=\"twitter:card\" content=\"summary_large_image\" \/>\n<meta name=\"twitter:label1\" content=\"\u00c9crit par\" \/>\n\t<meta name=\"twitter:data1\" content=\"Aur\u00e9lien\" \/>\n<script type=\"application\/ld+json\" class=\"yoast-schema-graph\">{\"@context\":\"https:\/\/schema.org\",\"@graph\":[{\"@type\":\"Article\",\"@id\":\"https:\/\/moquet.org\/index.php\/2020\/05\/21\/randonnee-la-croix-de-rochefort\/#article\",\"isPartOf\":{\"@id\":\"https:\/\/moquet.org\/index.php\/2020\/05\/21\/randonnee-la-croix-de-rochefort\/\"},\"author\":{\"name\":\"Aur\u00e9lien\",\"@id\":\"https:\/\/moquet.org\/#\/schema\/person\/a832cfcb2b0691af78e6937c520807e1\"},\"headline\":\"Randonn\u00e9e La Croix de Rochefort\",\"datePublished\":\"2020-05-21T10:15:16+00:00\",\"dateModified\":\"2024-12-07T11:16:23+00:00\",\"mainEntityOfPage\":{\"@id\":\"https:\/\/moquet.org\/index.php\/2020\/05\/21\/randonnee-la-croix-de-rochefort\/\"},\"wordCount\":75,\"publisher\":{\"@id\":\"https:\/\/moquet.org\/#organization\"},\"image\":{\"@id\":\"https:\/\/moquet.org\/index.php\/2020\/05\/21\/randonnee-la-croix-de-rochefort\/#primaryimage\"},\"thumbnailUrl\":\"https:\/\/moquet.org\/wp-content\/uploads\/2024\/12\/croix-de-rochefort-6-rotated.jpg\",\"articleSection\":[\"Id\u00e9e rando\"],\"inLanguage\":\"fr-FR\"},{\"@type\":\"WebPage\",\"@id\":\"https:\/\/moquet.org\/index.php\/2020\/05\/21\/randonnee-la-croix-de-rochefort\/\",\"url\":\"https:\/\/moquet.org\/index.php\/2020\/05\/21\/randonnee-la-croix-de-rochefort\/\",\"name\":\"Randonn\u00e9e La Croix de Rochefort - Aur\u00e9lien Moquet\",\"isPartOf\":{\"@id\":\"https:\/\/moquet.org\/#website\"},\"primaryImageOfPage\":{\"@id\":\"https:\/\/moquet.org\/index.php\/2020\/05\/21\/randonnee-la-croix-de-rochefort\/#primaryimage\"},\"image\":{\"@id\":\"https:\/\/moquet.org\/index.php\/2020\/05\/21\/randonnee-la-croix-de-rochefort\/#primaryimage\"},\"thumbnailUrl\":\"https:\/\/moquet.org\/wp-content\/uploads\/2024\/12\/croix-de-rochefort-6-rotated.jpg\",\"datePublished\":\"2020-05-21T10:15:16+00:00\",\"dateModified\":\"2024-12-07T11:16:23+00:00\",\"breadcrumb\":{\"@id\":\"https:\/\/moquet.org\/index.php\/2020\/05\/21\/randonnee-la-croix-de-rochefort\/#breadcrumb\"},\"inLanguage\":\"fr-FR\",\"potentialAction\":[{\"@type\":\"ReadAction\",\"target\":[\"https:\/\/moquet.org\/index.php\/2020\/05\/21\/randonnee-la-croix-de-rochefort\/\"]}]},{\"@type\":\"ImageObject\",\"inLanguage\":\"fr-FR\",\"@id\":\"https:\/\/moquet.org\/index.php\/2020\/05\/21\/randonnee-la-croix-de-rochefort\/#primaryimage\",\"url\":\"https:\/\/moquet.org\/wp-content\/uploads\/2024\/12\/croix-de-rochefort-6-rotated.jpg\",\"contentUrl\":\"https:\/\/moquet.org\/wp-content\/uploads\/2024\/12\/croix-de-rochefort-6-rotated.jpg\",\"width\":1000,\"height\":1333},{\"@type\":\"BreadcrumbList\",\"@id\":\"https:\/\/moquet.org\/index.php\/2020\/05\/21\/randonnee-la-croix-de-rochefort\/#breadcrumb\",\"itemListElement\":[{\"@type\":\"ListItem\",\"position\":1,\"name\":\"Accueil\",\"item\":\"https:\/\/moquet.org\/\"},{\"@type\":\"ListItem\",\"position\":2,\"name\":\"Randonn\u00e9e La Croix de Rochefort\"}]},{\"@type\":\"WebSite\",\"@id\":\"https:\/\/moquet.org\/#website\",\"url\":\"https:\/\/moquet.org\/\",\"name\":\"Aur\u00e9lien Moquet\",\"description\":\"\",\"publisher\":{\"@id\":\"https:\/\/moquet.org\/#organization\"},\"potentialAction\":[{\"@type\":\"SearchAction\",\"target\":{\"@type\":\"EntryPoint\",\"urlTemplate\":\"https:\/\/moquet.org\/?s={search_term_string}\"},\"query-input\":{\"@type\":\"PropertyValueSpecification\",\"valueRequired\":true,\"valueName\":\"search_term_string\"}}],\"inLanguage\":\"fr-FR\"},{\"@type\":\"Organization\",\"@id\":\"https:\/\/moquet.org\/#organization\",\"name\":\"Aur\u00e9lien Moquet\",\"url\":\"https:\/\/moquet.org\/\",\"logo\":{\"@type\":\"ImageObject\",\"inLanguage\":\"fr-FR\",\"@id\":\"https:\/\/moquet.org\/#\/schema\/logo\/image\/\",\"url\":\"https:\/\/moquet.org\/wp-content\/uploads\/2026\/02\/Signature-AM-Black-Winter_Pen-scaled.png\",\"contentUrl\":\"https:\/\/moquet.org\/wp-content\/uploads\/2026\/02\/Signature-AM-Black-Winter_Pen-scaled.png\",\"width\":2560,\"height\":683,\"caption\":\"Aur\u00e9lien Moquet\"},\"image\":{\"@id\":\"https:\/\/moquet.org\/#\/schema\/logo\/image\/\"},\"sameAs\":[\"https:\/\/www.facebook.com\/profile.php?id=61575096712224&locale=fr_FR\"]},{\"@type\":\"Person\",\"@id\":\"https:\/\/moquet.org\/#\/schema\/person\/a832cfcb2b0691af78e6937c520807e1\",\"name\":\"Aur\u00e9lien\",\"image\":{\"@type\":\"ImageObject\",\"inLanguage\":\"fr-FR\",\"@id\":\"https:\/\/secure.gravatar.com\/avatar\/40e27b35504aca19c441a4ea347182b086b456a730b85cfefd391d690618802f?s=96&d=mm&r=g\",\"url\":\"https:\/\/secure.gravatar.com\/avatar\/40e27b35504aca19c441a4ea347182b086b456a730b85cfefd391d690618802f?s=96&d=mm&r=g\",\"contentUrl\":\"https:\/\/secure.gravatar.com\/avatar\/40e27b35504aca19c441a4ea347182b086b456a730b85cfefd391d690618802f?s=96&d=mm&r=g\",\"caption\":\"Aur\u00e9lien\"},\"sameAs\":[\"http:\/\/moquet.org\"],\"url\":\"https:\/\/moquet.org\/index.php\/author\/admin4682\/\"}]}<\/script>\n<!-- \/ Yoast SEO plugin. -->","yoast_head_json":{"title":"Randonn\u00e9e La Croix de Rochefort - Aur\u00e9lien Moquet","robots":{"index":"index","follow":"follow","max-snippet":"max-snippet:-1","max-image-preview":"max-image-preview:large","max-video-preview":"max-video-preview:-1"},"canonical":"https:\/\/moquet.org\/index.php\/2020\/05\/21\/randonnee-la-croix-de-rochefort\/","og_locale":"fr_FR","og_type":"article","og_title":"Randonn\u00e9e La Croix de Rochefort - Aur\u00e9lien Moquet","og_description":"Entre vignes et bois, ce circuit de 13,5 km permet la d\u00e9couverte de quelques for\u00eats de feuillus et d&rsquo;un magnifique panorama depuis la Croix de Rochefort. Ce point culminant offre une tr\u00e8s belle vue sur Beaujeu et ses montagnes environnantes. D\u00e9nivel\u00e9 positif 623m. Au retour, allez visiter la maison du terroir beaujolais (espace visite et [&hellip;]","og_url":"https:\/\/moquet.org\/index.php\/2020\/05\/21\/randonnee-la-croix-de-rochefort\/","og_site_name":"Aur\u00e9lien Moquet","article_publisher":"https:\/\/www.facebook.com\/profile.php?id=61575096712224&locale=fr_FR","article_published_time":"2020-05-21T10:15:16+00:00","article_modified_time":"2024-12-07T11:16:23+00:00","og_image":[{"width":1000,"height":1333,"url":"https:\/\/moquet.org\/wp-content\/uploads\/2024\/12\/croix-de-rochefort-6-rotated.jpg","type":"image\/jpeg"}],"author":"Aur\u00e9lien","twitter_card":"summary_large_image","twitter_misc":{"\u00c9crit par":"Aur\u00e9lien"},"schema":{"@context":"https:\/\/schema.org","@graph":[{"@type":"Article","@id":"https:\/\/moquet.org\/index.php\/2020\/05\/21\/randonnee-la-croix-de-rochefort\/#article","isPartOf":{"@id":"https:\/\/moquet.org\/index.php\/2020\/05\/21\/randonnee-la-croix-de-rochefort\/"},"author":{"name":"Aur\u00e9lien","@id":"https:\/\/moquet.org\/#\/schema\/person\/a832cfcb2b0691af78e6937c520807e1"},"headline":"Randonn\u00e9e La Croix de Rochefort","datePublished":"2020-05-21T10:15:16+00:00","dateModified":"2024-12-07T11:16:23+00:00","mainEntityOfPage":{"@id":"https:\/\/moquet.org\/index.php\/2020\/05\/21\/randonnee-la-croix-de-rochefort\/"},"wordCount":75,"publisher":{"@id":"https:\/\/moquet.org\/#organization"},"image":{"@id":"https:\/\/moquet.org\/index.php\/2020\/05\/21\/randonnee-la-croix-de-rochefort\/#primaryimage"},"thumbnailUrl":"https:\/\/moquet.org\/wp-content\/uploads\/2024\/12\/croix-de-rochefort-6-rotated.jpg","articleSection":["Id\u00e9e rando"],"inLanguage":"fr-FR"},{"@type":"WebPage","@id":"https:\/\/moquet.org\/index.php\/2020\/05\/21\/randonnee-la-croix-de-rochefort\/","url":"https:\/\/moquet.org\/index.php\/2020\/05\/21\/randonnee-la-croix-de-rochefort\/","name":"Randonn\u00e9e La Croix de Rochefort - Aur\u00e9lien Moquet","isPartOf":{"@id":"https:\/\/moquet.org\/#website"},"primaryImageOfPage":{"@id":"https:\/\/moquet.org\/index.php\/2020\/05\/21\/randonnee-la-croix-de-rochefort\/#primaryimage"},"image":{"@id":"https:\/\/moquet.org\/index.php\/2020\/05\/21\/randonnee-la-croix-de-rochefort\/#primaryimage"},"thumbnailUrl":"https:\/\/moquet.org\/wp-content\/uploads\/2024\/12\/croix-de-rochefort-6-rotated.jpg","datePublished":"2020-05-21T10:15:16+00:00","dateModified":"2024-12-07T11:16:23+00:00","breadcrumb":{"@id":"https:\/\/moquet.org\/index.php\/2020\/05\/21\/randonnee-la-croix-de-rochefort\/#breadcrumb"},"inLanguage":"fr-FR","potentialAction":[{"@type":"ReadAction","target":["https:\/\/moquet.org\/index.php\/2020\/05\/21\/randonnee-la-croix-de-rochefort\/"]}]},{"@type":"ImageObject","inLanguage":"fr-FR","@id":"https:\/\/moquet.org\/index.php\/2020\/05\/21\/randonnee-la-croix-de-rochefort\/#primaryimage","url":"https:\/\/moquet.org\/wp-content\/uploads\/2024\/12\/croix-de-rochefort-6-rotated.jpg","contentUrl":"https:\/\/moquet.org\/wp-content\/uploads\/2024\/12\/croix-de-rochefort-6-rotated.jpg","width":1000,"height":1333},{"@type":"BreadcrumbList","@id":"https:\/\/moquet.org\/index.php\/2020\/05\/21\/randonnee-la-croix-de-rochefort\/#breadcrumb","itemListElement":[{"@type":"ListItem","position":1,"name":"Accueil","item":"https:\/\/moquet.org\/"},{"@type":"ListItem","position":2,"name":"Randonn\u00e9e La Croix de Rochefort"}]},{"@type":"WebSite","@id":"https:\/\/moquet.org\/#website","url":"https:\/\/moquet.org\/","name":"Aur\u00e9lien Moquet","description":"","publisher":{"@id":"https:\/\/moquet.org\/#organization"},"potentialAction":[{"@type":"SearchAction","target":{"@type":"EntryPoint","urlTemplate":"https:\/\/moquet.org\/?s={search_term_string}"},"query-input":{"@type":"PropertyValueSpecification","valueRequired":true,"valueName":"search_term_string"}}],"inLanguage":"fr-FR"},{"@type":"Organization","@id":"https:\/\/moquet.org\/#organization","name":"Aur\u00e9lien Moquet","url":"https:\/\/moquet.org\/","logo":{"@type":"ImageObject","inLanguage":"fr-FR","@id":"https:\/\/moquet.org\/#\/schema\/logo\/image\/","url":"https:\/\/moquet.org\/wp-content\/uploads\/2026\/02\/Signature-AM-Black-Winter_Pen-scaled.png","contentUrl":"https:\/\/moquet.org\/wp-content\/uploads\/2026\/02\/Signature-AM-Black-Winter_Pen-scaled.png","width":2560,"height":683,"caption":"Aur\u00e9lien Moquet"},"image":{"@id":"https:\/\/moquet.org\/#\/schema\/logo\/image\/"},"sameAs":["https:\/\/www.facebook.com\/profile.php?id=61575096712224&locale=fr_FR"]},{"@type":"Person","@id":"https:\/\/moquet.org\/#\/schema\/person\/a832cfcb2b0691af78e6937c520807e1","name":"Aur\u00e9lien","image":{"@type":"ImageObject","inLanguage":"fr-FR","@id":"https:\/\/secure.gravatar.com\/avatar\/40e27b35504aca19c441a4ea347182b086b456a730b85cfefd391d690618802f?s=96&d=mm&r=g","url":"https:\/\/secure.gravatar.com\/avatar\/40e27b35504aca19c441a4ea347182b086b456a730b85cfefd391d690618802f?s=96&d=mm&r=g","contentUrl":"https:\/\/secure.gravatar.com\/avatar\/40e27b35504aca19c441a4ea347182b086b456a730b85cfefd391d690618802f?s=96&d=mm&r=g","caption":"Aur\u00e9lien"},"sameAs":["http:\/\/moquet.org"],"url":"https:\/\/moquet.org\/index.php\/author\/admin4682\/"}]}},"_links":{"self":[{"href":"https:\/\/moquet.org\/index.php\/wp-json\/wp\/v2\/posts\/475","targetHints":{"allow":["GET"]}}],"collection":[{"href":"https:\/\/moquet.org\/index.php\/wp-json\/wp\/v2\/posts"}],"about":[{"href":"https:\/\/moquet.org\/index.php\/wp-json\/wp\/v2\/types\/post"}],"author":[{"embeddable":true,"href":"https:\/\/moquet.org\/index.php\/wp-json\/wp\/v2\/users\/1"}],"replies":[{"embeddable":true,"href":"https:\/\/moquet.org\/index.php\/wp-json\/wp\/v2\/comments?post=475"}],"version-history":[{"count":0,"href":"https:\/\/moquet.org\/index.php\/wp-json\/wp\/v2\/posts\/475\/revisions"}],"wp:featuredmedia":[{"embeddable":true,"href":"https:\/\/moquet.org\/index.php\/wp-json\/wp\/v2\/media\/489"}],"wp:attachment":[{"href":"https:\/\/moquet.org\/index.php\/wp-json\/wp\/v2\/media?parent=475"}],"wp:term":[{"taxonomy":"category","embeddable":true,"href":"https:\/\/moquet.org\/index.php\/wp-json\/wp\/v2\/categories?post=475"},{"taxonomy":"post_tag","embeddable":true,"href":"https:\/\/moquet.org\/index.php\/wp-json\/wp\/v2\/tags?post=475"}],"curies":[{"name":"wp","href":"https:\/\/api.w.org\/{rel}","templated":true}]}}