{"id":543,"date":"2024-12-08T13:18:58","date_gmt":"2024-12-08T12:18:58","guid":{"rendered":"https:\/\/moquet.org\/?p=543"},"modified":"2025-02-15T18:33:20","modified_gmt":"2025-02-15T17:33:20","slug":"chapelle-de-saint-bonnet","status":"publish","type":"post","link":"https:\/\/moquet.org\/index.php\/2024\/12\/08\/chapelle-de-saint-bonnet\/","title":{"rendered":"Chapelle de Saint Bonnet"},"content":{"rendered":"\n<p>Pour une balade digestive dominicale ou simplement prendre l&rsquo;air, cette sortie est bien connue dans la r\u00e9gion.<\/p>\n\n\n\n<p>Courte balade de 2 km permettant de d\u00e9couvrir la Chapelle de Saint Bonnet fraichement r\u00e9habilit\u00e9e sur les hauteurs de Montmelas Saint Sorlin (alt. 645m)<\/p>\n\n\n\n<p>Et de profiter du panorama lorsque la m\u00e9t\u00e9o le permet&#8230;<\/p>\n\n\n\n<figure class=\"wp-block-gallery has-nested-images columns-default is-cropped wp-block-gallery-1 is-layout-flex wp-block-gallery-is-layout-flex\">\n<figure class=\"wp-block-image size-large\"><a href=\"https:\/\/moquet.org\/wp-content\/uploads\/2024\/12\/Saint-Bonnet-1-rotated.jpg\"><img loading=\"lazy\" decoding=\"async\" width=\"576\" height=\"1024\" data-id=\"550\" src=\"https:\/\/moquet.org\/wp-content\/uploads\/2024\/12\/Saint-Bonnet-1-576x1024.jpg\" alt=\"\" class=\"wp-image-550\" srcset=\"https:\/\/moquet.org\/wp-content\/uploads\/2024\/12\/Saint-Bonnet-1-576x1024.jpg 576w, https:\/\/moquet.org\/wp-content\/uploads\/2024\/12\/Saint-Bonnet-1-169x300.jpg 169w, https:\/\/moquet.org\/wp-content\/uploads\/2024\/12\/Saint-Bonnet-1-768x1365.jpg 768w, https:\/\/moquet.org\/wp-content\/uploads\/2024\/12\/Saint-Bonnet-1-864x1536.jpg 864w, https:\/\/moquet.org\/wp-content\/uploads\/2024\/12\/Saint-Bonnet-1-rotated.jpg 900w\" sizes=\"auto, (max-width: 576px) 100vw, 576px\" \/><\/a><\/figure>\n\n\n\n<figure class=\"wp-block-image size-large\"><a href=\"https:\/\/moquet.org\/wp-content\/uploads\/2024\/12\/Saint-Bonnet-2-684x1024.jpg\"><img loading=\"lazy\" decoding=\"async\" width=\"684\" height=\"1024\" data-id=\"545\" src=\"https:\/\/moquet.org\/wp-content\/uploads\/2024\/12\/Saint-Bonnet-2-684x1024.jpg\" alt=\"\" class=\"wp-image-545\" srcset=\"https:\/\/moquet.org\/wp-content\/uploads\/2024\/12\/Saint-Bonnet-2-684x1024.jpg 684w, https:\/\/moquet.org\/wp-content\/uploads\/2024\/12\/Saint-Bonnet-2-200x300.jpg 200w, https:\/\/moquet.org\/wp-content\/uploads\/2024\/12\/Saint-Bonnet-2-768x1149.jpg 768w, https:\/\/moquet.org\/wp-content\/uploads\/2024\/12\/Saint-Bonnet-2-rotated.jpg 900w\" sizes=\"auto, (max-width: 684px) 100vw, 684px\" \/><\/a><\/figure>\n\n\n\n<figure class=\"wp-block-image size-large\"><a href=\"https:\/\/moquet.org\/wp-content\/uploads\/2024\/12\/Saint-Bonnet-3.jpg\"><img loading=\"lazy\" decoding=\"async\" width=\"1024\" height=\"684\" data-id=\"548\" src=\"https:\/\/moquet.org\/wp-content\/uploads\/2024\/12\/Saint-Bonnet-3-1024x684.jpg\" alt=\"\" class=\"wp-image-548\" srcset=\"https:\/\/moquet.org\/wp-content\/uploads\/2024\/12\/Saint-Bonnet-3-1024x684.jpg 1024w, https:\/\/moquet.org\/wp-content\/uploads\/2024\/12\/Saint-Bonnet-3-300x200.jpg 300w, https:\/\/moquet.org\/wp-content\/uploads\/2024\/12\/Saint-Bonnet-3-768x513.jpg 768w, https:\/\/moquet.org\/wp-content\/uploads\/2024\/12\/Saint-Bonnet-3-1536x1027.jpg 1536w, https:\/\/moquet.org\/wp-content\/uploads\/2024\/12\/Saint-Bonnet-3.jpg 1616w\" sizes=\"auto, (max-width: 1024px) 100vw, 1024px\" \/><\/a><\/figure>\n\n\n\n<figure class=\"wp-block-image size-large\"><a href=\"https:\/\/moquet.org\/wp-content\/uploads\/2024\/12\/Saint-Bonnet-4-684x1024.jpg\"><img loading=\"lazy\" decoding=\"async\" width=\"684\" height=\"1024\" data-id=\"544\" src=\"https:\/\/moquet.org\/wp-content\/uploads\/2024\/12\/Saint-Bonnet-4-684x1024.jpg\" alt=\"\" class=\"wp-image-544\" srcset=\"https:\/\/moquet.org\/wp-content\/uploads\/2024\/12\/Saint-Bonnet-4-684x1024.jpg 684w, https:\/\/moquet.org\/wp-content\/uploads\/2024\/12\/Saint-Bonnet-4-200x300.jpg 200w, https:\/\/moquet.org\/wp-content\/uploads\/2024\/12\/Saint-Bonnet-4-768x1149.jpg 768w, https:\/\/moquet.org\/wp-content\/uploads\/2024\/12\/Saint-Bonnet-4-1027x1536.jpg 1027w, https:\/\/moquet.org\/wp-content\/uploads\/2024\/12\/Saint-Bonnet-4-rotated.jpg 1080w\" sizes=\"auto, (max-width: 684px) 100vw, 684px\" \/><\/a><\/figure>\n\n\n\n<figure class=\"wp-block-image size-large\"><a href=\"https:\/\/moquet.org\/wp-content\/uploads\/2024\/12\/Saint-Bonnet-5-1024x684.jpg\"><img loading=\"lazy\" decoding=\"async\" width=\"1024\" height=\"684\" data-id=\"547\" src=\"https:\/\/moquet.org\/wp-content\/uploads\/2024\/12\/Saint-Bonnet-5-1024x684.jpg\" alt=\"\" class=\"wp-image-547\" srcset=\"https:\/\/moquet.org\/wp-content\/uploads\/2024\/12\/Saint-Bonnet-5-1024x684.jpg 1024w, https:\/\/moquet.org\/wp-content\/uploads\/2024\/12\/Saint-Bonnet-5-300x200.jpg 300w, https:\/\/moquet.org\/wp-content\/uploads\/2024\/12\/Saint-Bonnet-5-768x513.jpg 768w, https:\/\/moquet.org\/wp-content\/uploads\/2024\/12\/Saint-Bonnet-5-1536x1027.jpg 1536w, https:\/\/moquet.org\/wp-content\/uploads\/2024\/12\/Saint-Bonnet-5.jpg 1616w\" sizes=\"auto, (max-width: 1024px) 100vw, 1024px\" \/><\/a><\/figure>\n\n\n\n<figure class=\"wp-block-image size-large\"><a href=\"https:\/\/moquet.org\/wp-content\/uploads\/2024\/12\/Saint-Bonnet-6-1024x684.jpg\"><img loading=\"lazy\" decoding=\"async\" width=\"1024\" height=\"684\" data-id=\"546\" src=\"https:\/\/moquet.org\/wp-content\/uploads\/2024\/12\/Saint-Bonnet-6-1024x684.jpg\" alt=\"\" class=\"wp-image-546\" srcset=\"https:\/\/moquet.org\/wp-content\/uploads\/2024\/12\/Saint-Bonnet-6-1024x684.jpg 1024w, https:\/\/moquet.org\/wp-content\/uploads\/2024\/12\/Saint-Bonnet-6-300x200.jpg 300w, https:\/\/moquet.org\/wp-content\/uploads\/2024\/12\/Saint-Bonnet-6-768x513.jpg 768w, https:\/\/moquet.org\/wp-content\/uploads\/2024\/12\/Saint-Bonnet-6-1536x1027.jpg 1536w, https:\/\/moquet.org\/wp-content\/uploads\/2024\/12\/Saint-Bonnet-6.jpg 1616w\" sizes=\"auto, (max-width: 1024px) 100vw, 1024px\" \/><\/a><\/figure>\n\n\n\n<figure class=\"wp-block-image size-full\"><a href=\"https:\/\/moquet.org\/wp-content\/uploads\/2025\/02\/DSC00759.jpg\"><img loading=\"lazy\" decoding=\"async\" width=\"1000\" height=\"667\" data-id=\"663\" src=\"https:\/\/moquet.org\/wp-content\/uploads\/2025\/02\/DSC00759.jpg\" alt=\"\" class=\"wp-image-663\" srcset=\"https:\/\/moquet.org\/wp-content\/uploads\/2025\/02\/DSC00759.jpg 1000w, https:\/\/moquet.org\/wp-content\/uploads\/2025\/02\/DSC00759-300x200.jpg 300w, https:\/\/moquet.org\/wp-content\/uploads\/2025\/02\/DSC00759-768x512.jpg 768w\" sizes=\"auto, (max-width: 1000px) 100vw, 1000px\" \/><\/a><\/figure>\n<\/figure>\n\n\n\n<p>15 jours plus t\u00f4t le ciel \u00e9tait plus lumineux<\/p>\n\n\n\n<figure class=\"wp-block-gallery has-nested-images columns-default is-cropped wp-block-gallery-2 is-layout-flex wp-block-gallery-is-layout-flex\">\n<figure class=\"wp-block-image size-large\"><a href=\"https:\/\/moquet.org\/wp-content\/uploads\/2024\/12\/Saint-Bonnet-8.jpg\"><img loading=\"lazy\" decoding=\"async\" width=\"1024\" height=\"1024\" data-id=\"551\" src=\"https:\/\/moquet.org\/wp-content\/uploads\/2024\/12\/Saint-Bonnet-8-1024x1024.jpg\" alt=\"\" class=\"wp-image-551\" srcset=\"https:\/\/moquet.org\/wp-content\/uploads\/2024\/12\/Saint-Bonnet-8-1024x1024.jpg 1024w, https:\/\/moquet.org\/wp-content\/uploads\/2024\/12\/Saint-Bonnet-8-300x300.jpg 300w, https:\/\/moquet.org\/wp-content\/uploads\/2024\/12\/Saint-Bonnet-8-150x150.jpg 150w, https:\/\/moquet.org\/wp-content\/uploads\/2024\/12\/Saint-Bonnet-8-768x768.jpg 768w, https:\/\/moquet.org\/wp-content\/uploads\/2024\/12\/Saint-Bonnet-8.jpg 1200w\" sizes=\"auto, (max-width: 1024px) 100vw, 1024px\" \/><\/a><\/figure>\n<\/figure>\n\n\n\n<center> <iframe loading=\"lazy\" width=\"100%\" height=\"300px\" frameborder=\"0\" allowfullscreen allow=\"geolocation\" src=\"\/\/umap.openstreetmap.fr\/fr\/map\/chapelle-de-saint-bonnet_1149556?scaleControl=false&#038;miniMap=false&#038;scrollWheelZoom=false&#038;zoomControl=true&#038;editMode=disabled&#038;moreControl=true&#038;searchControl=null&#038;tilelayersControl=null&#038;embedControl=null&#038;datalayersControl=true&#038;onLoadPanel=none&#038;captionBar=false&#038;captionMenus=true\"><\/iframe><p><a href=\"\/\/umap.openstreetmap.fr\/fr\/map\/chapelle-de-saint-bonnet_1149556?scaleControl=false&#038;miniMap=false&#038;scrollWheelZoom=true&#038;zoomControl=true&#038;editMode=disabled&#038;moreControl=true&#038;searchControl=null&#038;tilelayersControl=null&#038;embedControl=null&#038;datalayersControl=true&#038;onLoadPanel=none&#038;captionBar=false&#038;captionMenus=true\">Voir en plein \u00e9cran<\/a><\/p> <\/center>\n\n\n\n<p><\/p>\n","protected":false},"excerpt":{"rendered":"<p>Pour une balade digestive dominicale ou simplement prendre l&rsquo;air, cette sortie est bien connue dans la r\u00e9gion. Courte balade de 2 km permettant de d\u00e9couvrir la Chapelle de Saint Bonnet fraichement r\u00e9habilit\u00e9e sur les hauteurs de Montmelas Saint Sorlin (alt. 645m) Et de profiter du panorama lorsque la m\u00e9t\u00e9o le permet&#8230; 15 jours plus t\u00f4t [&hellip;]<\/p>\n","protected":false},"author":1,"featured_media":663,"comment_status":"closed","ping_status":"open","sticky":false,"template":"","format":"standard","meta":{"footnotes":""},"categories":[9],"tags":[],"class_list":["post-543","post","type-post","status-publish","format-standard","has-post-thumbnail","hentry","category-idee-rando"],"yoast_head":"<!-- This site is optimized with the Yoast SEO plugin v27.2 - https:\/\/yoast.com\/product\/yoast-seo-wordpress\/ -->\n<title>Chapelle de Saint Bonnet - Aur\u00e9lien Moquet<\/title>\n<meta name=\"robots\" content=\"index, follow, max-snippet:-1, max-image-preview:large, max-video-preview:-1\" \/>\n<link rel=\"canonical\" href=\"https:\/\/moquet.org\/index.php\/2024\/12\/08\/chapelle-de-saint-bonnet\/\" \/>\n<meta property=\"og:locale\" content=\"fr_FR\" \/>\n<meta property=\"og:type\" content=\"article\" \/>\n<meta property=\"og:title\" content=\"Chapelle de Saint Bonnet - Aur\u00e9lien Moquet\" \/>\n<meta property=\"og:description\" content=\"Pour une balade digestive dominicale ou simplement prendre l&rsquo;air, cette sortie est bien connue dans la r\u00e9gion. Courte balade de 2 km permettant de d\u00e9couvrir la Chapelle de Saint Bonnet fraichement r\u00e9habilit\u00e9e sur les hauteurs de Montmelas Saint Sorlin (alt. 645m) Et de profiter du panorama lorsque la m\u00e9t\u00e9o le permet&#8230; 15 jours plus t\u00f4t [&hellip;]\" \/>\n<meta property=\"og:url\" content=\"https:\/\/moquet.org\/index.php\/2024\/12\/08\/chapelle-de-saint-bonnet\/\" \/>\n<meta property=\"og:site_name\" content=\"Aur\u00e9lien Moquet\" \/>\n<meta property=\"article:publisher\" content=\"https:\/\/www.facebook.com\/profile.php?id=61575096712224&amp;locale=fr_FR\" \/>\n<meta property=\"article:published_time\" content=\"2024-12-08T12:18:58+00:00\" \/>\n<meta property=\"article:modified_time\" content=\"2025-02-15T17:33:20+00:00\" \/>\n<meta property=\"og:image\" content=\"https:\/\/moquet.org\/wp-content\/uploads\/2025\/02\/DSC00759.jpg\" \/>\n\t<meta property=\"og:image:width\" content=\"1000\" \/>\n\t<meta property=\"og:image:height\" content=\"667\" \/>\n\t<meta property=\"og:image:type\" content=\"image\/jpeg\" \/>\n<meta name=\"author\" content=\"Aur\u00e9lien\" \/>\n<meta name=\"twitter:card\" content=\"summary_large_image\" \/>\n<meta name=\"twitter:label1\" content=\"\u00c9crit par\" \/>\n\t<meta name=\"twitter:data1\" content=\"Aur\u00e9lien\" \/>\n<script type=\"application\/ld+json\" class=\"yoast-schema-graph\">{\"@context\":\"https:\/\/schema.org\",\"@graph\":[{\"@type\":\"Article\",\"@id\":\"https:\/\/moquet.org\/index.php\/2024\/12\/08\/chapelle-de-saint-bonnet\/#article\",\"isPartOf\":{\"@id\":\"https:\/\/moquet.org\/index.php\/2024\/12\/08\/chapelle-de-saint-bonnet\/\"},\"author\":{\"name\":\"Aur\u00e9lien\",\"@id\":\"https:\/\/moquet.org\/#\/schema\/person\/a832cfcb2b0691af78e6937c520807e1\"},\"headline\":\"Chapelle de Saint Bonnet\",\"datePublished\":\"2024-12-08T12:18:58+00:00\",\"dateModified\":\"2025-02-15T17:33:20+00:00\",\"mainEntityOfPage\":{\"@id\":\"https:\/\/moquet.org\/index.php\/2024\/12\/08\/chapelle-de-saint-bonnet\/\"},\"wordCount\":74,\"publisher\":{\"@id\":\"https:\/\/moquet.org\/#organization\"},\"image\":{\"@id\":\"https:\/\/moquet.org\/index.php\/2024\/12\/08\/chapelle-de-saint-bonnet\/#primaryimage\"},\"thumbnailUrl\":\"https:\/\/moquet.org\/wp-content\/uploads\/2025\/02\/DSC00759.jpg\",\"articleSection\":[\"Id\u00e9e rando\"],\"inLanguage\":\"fr-FR\"},{\"@type\":\"WebPage\",\"@id\":\"https:\/\/moquet.org\/index.php\/2024\/12\/08\/chapelle-de-saint-bonnet\/\",\"url\":\"https:\/\/moquet.org\/index.php\/2024\/12\/08\/chapelle-de-saint-bonnet\/\",\"name\":\"Chapelle de Saint Bonnet - Aur\u00e9lien Moquet\",\"isPartOf\":{\"@id\":\"https:\/\/moquet.org\/#website\"},\"primaryImageOfPage\":{\"@id\":\"https:\/\/moquet.org\/index.php\/2024\/12\/08\/chapelle-de-saint-bonnet\/#primaryimage\"},\"image\":{\"@id\":\"https:\/\/moquet.org\/index.php\/2024\/12\/08\/chapelle-de-saint-bonnet\/#primaryimage\"},\"thumbnailUrl\":\"https:\/\/moquet.org\/wp-content\/uploads\/2025\/02\/DSC00759.jpg\",\"datePublished\":\"2024-12-08T12:18:58+00:00\",\"dateModified\":\"2025-02-15T17:33:20+00:00\",\"breadcrumb\":{\"@id\":\"https:\/\/moquet.org\/index.php\/2024\/12\/08\/chapelle-de-saint-bonnet\/#breadcrumb\"},\"inLanguage\":\"fr-FR\",\"potentialAction\":[{\"@type\":\"ReadAction\",\"target\":[\"https:\/\/moquet.org\/index.php\/2024\/12\/08\/chapelle-de-saint-bonnet\/\"]}]},{\"@type\":\"ImageObject\",\"inLanguage\":\"fr-FR\",\"@id\":\"https:\/\/moquet.org\/index.php\/2024\/12\/08\/chapelle-de-saint-bonnet\/#primaryimage\",\"url\":\"https:\/\/moquet.org\/wp-content\/uploads\/2025\/02\/DSC00759.jpg\",\"contentUrl\":\"https:\/\/moquet.org\/wp-content\/uploads\/2025\/02\/DSC00759.jpg\",\"width\":1000,\"height\":667},{\"@type\":\"BreadcrumbList\",\"@id\":\"https:\/\/moquet.org\/index.php\/2024\/12\/08\/chapelle-de-saint-bonnet\/#breadcrumb\",\"itemListElement\":[{\"@type\":\"ListItem\",\"position\":1,\"name\":\"Accueil\",\"item\":\"https:\/\/moquet.org\/\"},{\"@type\":\"ListItem\",\"position\":2,\"name\":\"Chapelle de Saint Bonnet\"}]},{\"@type\":\"WebSite\",\"@id\":\"https:\/\/moquet.org\/#website\",\"url\":\"https:\/\/moquet.org\/\",\"name\":\"Aur\u00e9lien Moquet\",\"description\":\"\",\"publisher\":{\"@id\":\"https:\/\/moquet.org\/#organization\"},\"potentialAction\":[{\"@type\":\"SearchAction\",\"target\":{\"@type\":\"EntryPoint\",\"urlTemplate\":\"https:\/\/moquet.org\/?s={search_term_string}\"},\"query-input\":{\"@type\":\"PropertyValueSpecification\",\"valueRequired\":true,\"valueName\":\"search_term_string\"}}],\"inLanguage\":\"fr-FR\"},{\"@type\":\"Organization\",\"@id\":\"https:\/\/moquet.org\/#organization\",\"name\":\"Aur\u00e9lien Moquet\",\"url\":\"https:\/\/moquet.org\/\",\"logo\":{\"@type\":\"ImageObject\",\"inLanguage\":\"fr-FR\",\"@id\":\"https:\/\/moquet.org\/#\/schema\/logo\/image\/\",\"url\":\"https:\/\/moquet.org\/wp-content\/uploads\/2026\/02\/Signature-AM-Black-Winter_Pen-scaled.png\",\"contentUrl\":\"https:\/\/moquet.org\/wp-content\/uploads\/2026\/02\/Signature-AM-Black-Winter_Pen-scaled.png\",\"width\":2560,\"height\":683,\"caption\":\"Aur\u00e9lien Moquet\"},\"image\":{\"@id\":\"https:\/\/moquet.org\/#\/schema\/logo\/image\/\"},\"sameAs\":[\"https:\/\/www.facebook.com\/profile.php?id=61575096712224&locale=fr_FR\"]},{\"@type\":\"Person\",\"@id\":\"https:\/\/moquet.org\/#\/schema\/person\/a832cfcb2b0691af78e6937c520807e1\",\"name\":\"Aur\u00e9lien\",\"image\":{\"@type\":\"ImageObject\",\"inLanguage\":\"fr-FR\",\"@id\":\"https:\/\/secure.gravatar.com\/avatar\/40e27b35504aca19c441a4ea347182b086b456a730b85cfefd391d690618802f?s=96&d=mm&r=g\",\"url\":\"https:\/\/secure.gravatar.com\/avatar\/40e27b35504aca19c441a4ea347182b086b456a730b85cfefd391d690618802f?s=96&d=mm&r=g\",\"contentUrl\":\"https:\/\/secure.gravatar.com\/avatar\/40e27b35504aca19c441a4ea347182b086b456a730b85cfefd391d690618802f?s=96&d=mm&r=g\",\"caption\":\"Aur\u00e9lien\"},\"sameAs\":[\"http:\/\/moquet.org\"],\"url\":\"https:\/\/moquet.org\/index.php\/author\/admin4682\/\"}]}<\/script>\n<!-- \/ Yoast SEO plugin. -->","yoast_head_json":{"title":"Chapelle de Saint Bonnet - Aur\u00e9lien Moquet","robots":{"index":"index","follow":"follow","max-snippet":"max-snippet:-1","max-image-preview":"max-image-preview:large","max-video-preview":"max-video-preview:-1"},"canonical":"https:\/\/moquet.org\/index.php\/2024\/12\/08\/chapelle-de-saint-bonnet\/","og_locale":"fr_FR","og_type":"article","og_title":"Chapelle de Saint Bonnet - Aur\u00e9lien Moquet","og_description":"Pour une balade digestive dominicale ou simplement prendre l&rsquo;air, cette sortie est bien connue dans la r\u00e9gion. Courte balade de 2 km permettant de d\u00e9couvrir la Chapelle de Saint Bonnet fraichement r\u00e9habilit\u00e9e sur les hauteurs de Montmelas Saint Sorlin (alt. 645m) Et de profiter du panorama lorsque la m\u00e9t\u00e9o le permet&#8230; 15 jours plus t\u00f4t [&hellip;]","og_url":"https:\/\/moquet.org\/index.php\/2024\/12\/08\/chapelle-de-saint-bonnet\/","og_site_name":"Aur\u00e9lien Moquet","article_publisher":"https:\/\/www.facebook.com\/profile.php?id=61575096712224&locale=fr_FR","article_published_time":"2024-12-08T12:18:58+00:00","article_modified_time":"2025-02-15T17:33:20+00:00","og_image":[{"width":1000,"height":667,"url":"https:\/\/moquet.org\/wp-content\/uploads\/2025\/02\/DSC00759.jpg","type":"image\/jpeg"}],"author":"Aur\u00e9lien","twitter_card":"summary_large_image","twitter_misc":{"\u00c9crit par":"Aur\u00e9lien"},"schema":{"@context":"https:\/\/schema.org","@graph":[{"@type":"Article","@id":"https:\/\/moquet.org\/index.php\/2024\/12\/08\/chapelle-de-saint-bonnet\/#article","isPartOf":{"@id":"https:\/\/moquet.org\/index.php\/2024\/12\/08\/chapelle-de-saint-bonnet\/"},"author":{"name":"Aur\u00e9lien","@id":"https:\/\/moquet.org\/#\/schema\/person\/a832cfcb2b0691af78e6937c520807e1"},"headline":"Chapelle de Saint Bonnet","datePublished":"2024-12-08T12:18:58+00:00","dateModified":"2025-02-15T17:33:20+00:00","mainEntityOfPage":{"@id":"https:\/\/moquet.org\/index.php\/2024\/12\/08\/chapelle-de-saint-bonnet\/"},"wordCount":74,"publisher":{"@id":"https:\/\/moquet.org\/#organization"},"image":{"@id":"https:\/\/moquet.org\/index.php\/2024\/12\/08\/chapelle-de-saint-bonnet\/#primaryimage"},"thumbnailUrl":"https:\/\/moquet.org\/wp-content\/uploads\/2025\/02\/DSC00759.jpg","articleSection":["Id\u00e9e rando"],"inLanguage":"fr-FR"},{"@type":"WebPage","@id":"https:\/\/moquet.org\/index.php\/2024\/12\/08\/chapelle-de-saint-bonnet\/","url":"https:\/\/moquet.org\/index.php\/2024\/12\/08\/chapelle-de-saint-bonnet\/","name":"Chapelle de Saint Bonnet - Aur\u00e9lien Moquet","isPartOf":{"@id":"https:\/\/moquet.org\/#website"},"primaryImageOfPage":{"@id":"https:\/\/moquet.org\/index.php\/2024\/12\/08\/chapelle-de-saint-bonnet\/#primaryimage"},"image":{"@id":"https:\/\/moquet.org\/index.php\/2024\/12\/08\/chapelle-de-saint-bonnet\/#primaryimage"},"thumbnailUrl":"https:\/\/moquet.org\/wp-content\/uploads\/2025\/02\/DSC00759.jpg","datePublished":"2024-12-08T12:18:58+00:00","dateModified":"2025-02-15T17:33:20+00:00","breadcrumb":{"@id":"https:\/\/moquet.org\/index.php\/2024\/12\/08\/chapelle-de-saint-bonnet\/#breadcrumb"},"inLanguage":"fr-FR","potentialAction":[{"@type":"ReadAction","target":["https:\/\/moquet.org\/index.php\/2024\/12\/08\/chapelle-de-saint-bonnet\/"]}]},{"@type":"ImageObject","inLanguage":"fr-FR","@id":"https:\/\/moquet.org\/index.php\/2024\/12\/08\/chapelle-de-saint-bonnet\/#primaryimage","url":"https:\/\/moquet.org\/wp-content\/uploads\/2025\/02\/DSC00759.jpg","contentUrl":"https:\/\/moquet.org\/wp-content\/uploads\/2025\/02\/DSC00759.jpg","width":1000,"height":667},{"@type":"BreadcrumbList","@id":"https:\/\/moquet.org\/index.php\/2024\/12\/08\/chapelle-de-saint-bonnet\/#breadcrumb","itemListElement":[{"@type":"ListItem","position":1,"name":"Accueil","item":"https:\/\/moquet.org\/"},{"@type":"ListItem","position":2,"name":"Chapelle de Saint Bonnet"}]},{"@type":"WebSite","@id":"https:\/\/moquet.org\/#website","url":"https:\/\/moquet.org\/","name":"Aur\u00e9lien Moquet","description":"","publisher":{"@id":"https:\/\/moquet.org\/#organization"},"potentialAction":[{"@type":"SearchAction","target":{"@type":"EntryPoint","urlTemplate":"https:\/\/moquet.org\/?s={search_term_string}"},"query-input":{"@type":"PropertyValueSpecification","valueRequired":true,"valueName":"search_term_string"}}],"inLanguage":"fr-FR"},{"@type":"Organization","@id":"https:\/\/moquet.org\/#organization","name":"Aur\u00e9lien Moquet","url":"https:\/\/moquet.org\/","logo":{"@type":"ImageObject","inLanguage":"fr-FR","@id":"https:\/\/moquet.org\/#\/schema\/logo\/image\/","url":"https:\/\/moquet.org\/wp-content\/uploads\/2026\/02\/Signature-AM-Black-Winter_Pen-scaled.png","contentUrl":"https:\/\/moquet.org\/wp-content\/uploads\/2026\/02\/Signature-AM-Black-Winter_Pen-scaled.png","width":2560,"height":683,"caption":"Aur\u00e9lien Moquet"},"image":{"@id":"https:\/\/moquet.org\/#\/schema\/logo\/image\/"},"sameAs":["https:\/\/www.facebook.com\/profile.php?id=61575096712224&locale=fr_FR"]},{"@type":"Person","@id":"https:\/\/moquet.org\/#\/schema\/person\/a832cfcb2b0691af78e6937c520807e1","name":"Aur\u00e9lien","image":{"@type":"ImageObject","inLanguage":"fr-FR","@id":"https:\/\/secure.gravatar.com\/avatar\/40e27b35504aca19c441a4ea347182b086b456a730b85cfefd391d690618802f?s=96&d=mm&r=g","url":"https:\/\/secure.gravatar.com\/avatar\/40e27b35504aca19c441a4ea347182b086b456a730b85cfefd391d690618802f?s=96&d=mm&r=g","contentUrl":"https:\/\/secure.gravatar.com\/avatar\/40e27b35504aca19c441a4ea347182b086b456a730b85cfefd391d690618802f?s=96&d=mm&r=g","caption":"Aur\u00e9lien"},"sameAs":["http:\/\/moquet.org"],"url":"https:\/\/moquet.org\/index.php\/author\/admin4682\/"}]}},"_links":{"self":[{"href":"https:\/\/moquet.org\/index.php\/wp-json\/wp\/v2\/posts\/543","targetHints":{"allow":["GET"]}}],"collection":[{"href":"https:\/\/moquet.org\/index.php\/wp-json\/wp\/v2\/posts"}],"about":[{"href":"https:\/\/moquet.org\/index.php\/wp-json\/wp\/v2\/types\/post"}],"author":[{"embeddable":true,"href":"https:\/\/moquet.org\/index.php\/wp-json\/wp\/v2\/users\/1"}],"replies":[{"embeddable":true,"href":"https:\/\/moquet.org\/index.php\/wp-json\/wp\/v2\/comments?post=543"}],"version-history":[{"count":0,"href":"https:\/\/moquet.org\/index.php\/wp-json\/wp\/v2\/posts\/543\/revisions"}],"wp:featuredmedia":[{"embeddable":true,"href":"https:\/\/moquet.org\/index.php\/wp-json\/wp\/v2\/media\/663"}],"wp:attachment":[{"href":"https:\/\/moquet.org\/index.php\/wp-json\/wp\/v2\/media?parent=543"}],"wp:term":[{"taxonomy":"category","embeddable":true,"href":"https:\/\/moquet.org\/index.php\/wp-json\/wp\/v2\/categories?post=543"},{"taxonomy":"post_tag","embeddable":true,"href":"https:\/\/moquet.org\/index.php\/wp-json\/wp\/v2\/tags?post=543"}],"curies":[{"name":"wp","href":"https:\/\/api.w.org\/{rel}","templated":true}]}}