{"id":677,"date":"2025-02-16T16:24:55","date_gmt":"2025-02-16T15:24:55","guid":{"rendered":"https:\/\/moquet.org\/?p=677"},"modified":"2025-02-21T23:47:47","modified_gmt":"2025-02-21T22:47:47","slug":"lyon-basilique-de-fourviere","status":"publish","type":"post","link":"https:\/\/moquet.org\/index.php\/2025\/02\/16\/lyon-basilique-de-fourviere\/","title":{"rendered":"Lyon : Basilique de Fourvi\u00e8re"},"content":{"rendered":"\n<p>Perch\u00e9e sur la colline de Fourvi\u00e8re, la Basilique Notre-Dame de Fourvi\u00e8re offre une vue panoramique \u00e9poustouflante sur la ville de Lyon. En se tenant sur son esplanade, on peut contempler un v\u00e9ritable tableau vivant o\u00f9 se m\u00ealent harmonieusement l&rsquo;architecture ancienne et moderne. La rivi\u00e8re Sa\u00f4ne serpente gracieusement \u00e0 travers la ville, tandis que les toits rouges des b\u00e2timents historiques du Vieux Lyon contrastent avec les structures contemporaines du quartier de la Confluence. Par temps clair, les montagnes des Alpes se dessinent \u00e0 l&rsquo;horizon, ajoutant une dimension majestueuse \u00e0 cette vue d\u00e9j\u00e0 spectaculaire. De jour comme de nuit, Lyon d\u00e9ploie toute sa beaut\u00e9 sous les yeux \u00e9merveill\u00e9s des visiteurs, offrant un spectacle sans cesse renouvel\u00e9 au fil des saisons et des variations de lumi\u00e8re. La Basilique de Fourvi\u00e8re, au-del\u00e0 de son importance religieuse, est un v\u00e9ritable balcon ouvert sur l&rsquo;\u00e2me de la ville, invitant chacun \u00e0 prendre un moment pour appr\u00e9cier la splendeur de Lyon dans toute sa grandeur.<\/p>\n\n\n\n<figure class=\"wp-block-gallery has-nested-images columns-default is-cropped wp-block-gallery-1 is-layout-flex wp-block-gallery-is-layout-flex\">\n<figure class=\"wp-block-image size-large\"><a href=\"https:\/\/moquet.org\/wp-content\/uploads\/2025\/02\/DSC00781-1-scaled.jpg\"><img loading=\"lazy\" decoding=\"async\" width=\"683\" height=\"1024\" data-id=\"686\" src=\"https:\/\/moquet.org\/wp-content\/uploads\/2025\/02\/DSC00781-1-683x1024.jpg\" alt=\"\" class=\"wp-image-686\" srcset=\"https:\/\/moquet.org\/wp-content\/uploads\/2025\/02\/DSC00781-1-683x1024.jpg 683w, https:\/\/moquet.org\/wp-content\/uploads\/2025\/02\/DSC00781-1-200x300.jpg 200w, https:\/\/moquet.org\/wp-content\/uploads\/2025\/02\/DSC00781-1-768x1152.jpg 768w, https:\/\/moquet.org\/wp-content\/uploads\/2025\/02\/DSC00781-1-1024x1536.jpg 1024w, https:\/\/moquet.org\/wp-content\/uploads\/2025\/02\/DSC00781-1-1365x2048.jpg 1365w, https:\/\/moquet.org\/wp-content\/uploads\/2025\/02\/DSC00781-1-scaled.jpg 1707w\" sizes=\"auto, (max-width: 683px) 100vw, 683px\" \/><\/a><\/figure>\n\n\n\n<figure class=\"wp-block-image size-large\"><a href=\"https:\/\/moquet.org\/wp-content\/uploads\/2025\/02\/DSC00784-1-scaled.jpg\"><img loading=\"lazy\" decoding=\"async\" width=\"683\" height=\"1024\" data-id=\"687\" src=\"https:\/\/moquet.org\/wp-content\/uploads\/2025\/02\/DSC00784-1-683x1024.jpg\" alt=\"\" class=\"wp-image-687\" srcset=\"https:\/\/moquet.org\/wp-content\/uploads\/2025\/02\/DSC00784-1-683x1024.jpg 683w, https:\/\/moquet.org\/wp-content\/uploads\/2025\/02\/DSC00784-1-200x300.jpg 200w, https:\/\/moquet.org\/wp-content\/uploads\/2025\/02\/DSC00784-1-768x1152.jpg 768w, https:\/\/moquet.org\/wp-content\/uploads\/2025\/02\/DSC00784-1-1024x1536.jpg 1024w, https:\/\/moquet.org\/wp-content\/uploads\/2025\/02\/DSC00784-1-1365x2048.jpg 1365w, https:\/\/moquet.org\/wp-content\/uploads\/2025\/02\/DSC00784-1-scaled.jpg 1707w\" sizes=\"auto, (max-width: 683px) 100vw, 683px\" \/><\/a><\/figure>\n\n\n\n<figure class=\"wp-block-image size-large\"><a href=\"https:\/\/moquet.org\/wp-content\/uploads\/2025\/02\/DSC00785-1-scaled.jpg\"><img loading=\"lazy\" decoding=\"async\" width=\"683\" height=\"1024\" data-id=\"688\" src=\"https:\/\/moquet.org\/wp-content\/uploads\/2025\/02\/DSC00785-1-683x1024.jpg\" alt=\"\" class=\"wp-image-688\" srcset=\"https:\/\/moquet.org\/wp-content\/uploads\/2025\/02\/DSC00785-1-683x1024.jpg 683w, https:\/\/moquet.org\/wp-content\/uploads\/2025\/02\/DSC00785-1-200x300.jpg 200w, https:\/\/moquet.org\/wp-content\/uploads\/2025\/02\/DSC00785-1-768x1152.jpg 768w, https:\/\/moquet.org\/wp-content\/uploads\/2025\/02\/DSC00785-1-1024x1536.jpg 1024w, https:\/\/moquet.org\/wp-content\/uploads\/2025\/02\/DSC00785-1-1365x2048.jpg 1365w, https:\/\/moquet.org\/wp-content\/uploads\/2025\/02\/DSC00785-1-scaled.jpg 1707w\" sizes=\"auto, (max-width: 683px) 100vw, 683px\" \/><\/a><\/figure>\n\n\n\n<figure class=\"wp-block-image size-large\"><a href=\"https:\/\/moquet.org\/wp-content\/uploads\/2025\/02\/DSC00787-1-scaled.jpg\"><img loading=\"lazy\" decoding=\"async\" width=\"1024\" height=\"683\" data-id=\"689\" src=\"https:\/\/moquet.org\/wp-content\/uploads\/2025\/02\/DSC00787-1-1024x683.jpg\" alt=\"\" class=\"wp-image-689\" srcset=\"https:\/\/moquet.org\/wp-content\/uploads\/2025\/02\/DSC00787-1-1024x683.jpg 1024w, https:\/\/moquet.org\/wp-content\/uploads\/2025\/02\/DSC00787-1-300x200.jpg 300w, https:\/\/moquet.org\/wp-content\/uploads\/2025\/02\/DSC00787-1-768x512.jpg 768w, https:\/\/moquet.org\/wp-content\/uploads\/2025\/02\/DSC00787-1-1536x1024.jpg 1536w, https:\/\/moquet.org\/wp-content\/uploads\/2025\/02\/DSC00787-1-2048x1365.jpg 2048w\" sizes=\"auto, (max-width: 1024px) 100vw, 1024px\" \/><\/a><\/figure>\n\n\n\n<figure class=\"wp-block-image size-large\"><a href=\"https:\/\/moquet.org\/wp-content\/uploads\/2025\/02\/DSC00791-scaled.jpg\"><img loading=\"lazy\" decoding=\"async\" width=\"683\" height=\"1024\" data-id=\"682\" src=\"https:\/\/moquet.org\/wp-content\/uploads\/2025\/02\/DSC00791-683x1024.jpg\" alt=\"\" class=\"wp-image-682\" srcset=\"https:\/\/moquet.org\/wp-content\/uploads\/2025\/02\/DSC00791-683x1024.jpg 683w, https:\/\/moquet.org\/wp-content\/uploads\/2025\/02\/DSC00791-200x300.jpg 200w, https:\/\/moquet.org\/wp-content\/uploads\/2025\/02\/DSC00791-768x1152.jpg 768w, https:\/\/moquet.org\/wp-content\/uploads\/2025\/02\/DSC00791-1024x1536.jpg 1024w, https:\/\/moquet.org\/wp-content\/uploads\/2025\/02\/DSC00791-1365x2048.jpg 1365w, https:\/\/moquet.org\/wp-content\/uploads\/2025\/02\/DSC00791-scaled.jpg 1707w\" sizes=\"auto, (max-width: 683px) 100vw, 683px\" \/><\/a><\/figure>\n\n\n\n<figure class=\"wp-block-image size-large\"><a href=\"https:\/\/moquet.org\/wp-content\/uploads\/2025\/02\/DSC00796-1-scaled.jpg\"><img loading=\"lazy\" decoding=\"async\" width=\"1024\" height=\"730\" data-id=\"690\" src=\"https:\/\/moquet.org\/wp-content\/uploads\/2025\/02\/DSC00796-1-1024x730.jpg\" alt=\"\" class=\"wp-image-690\" srcset=\"https:\/\/moquet.org\/wp-content\/uploads\/2025\/02\/DSC00796-1-1024x730.jpg 1024w, https:\/\/moquet.org\/wp-content\/uploads\/2025\/02\/DSC00796-1-300x214.jpg 300w, https:\/\/moquet.org\/wp-content\/uploads\/2025\/02\/DSC00796-1-768x548.jpg 768w, https:\/\/moquet.org\/wp-content\/uploads\/2025\/02\/DSC00796-1-1536x1095.jpg 1536w, https:\/\/moquet.org\/wp-content\/uploads\/2025\/02\/DSC00796-1-2048x1460.jpg 2048w\" sizes=\"auto, (max-width: 1024px) 100vw, 1024px\" \/><\/a><\/figure>\n\n\n\n<figure class=\"wp-block-image size-large\"><a href=\"https:\/\/moquet.org\/wp-content\/uploads\/2025\/02\/DSC00799-scaled.jpg\"><img loading=\"lazy\" decoding=\"async\" width=\"667\" height=\"1024\" data-id=\"684\" src=\"https:\/\/moquet.org\/wp-content\/uploads\/2025\/02\/DSC00799-667x1024.jpg\" alt=\"\" class=\"wp-image-684\" srcset=\"https:\/\/moquet.org\/wp-content\/uploads\/2025\/02\/DSC00799-667x1024.jpg 667w, https:\/\/moquet.org\/wp-content\/uploads\/2025\/02\/DSC00799-196x300.jpg 196w, https:\/\/moquet.org\/wp-content\/uploads\/2025\/02\/DSC00799-768x1179.jpg 768w, https:\/\/moquet.org\/wp-content\/uploads\/2025\/02\/DSC00799-1001x1536.jpg 1001w, https:\/\/moquet.org\/wp-content\/uploads\/2025\/02\/DSC00799-1335x2048.jpg 1335w, https:\/\/moquet.org\/wp-content\/uploads\/2025\/02\/DSC00799-scaled.jpg 1668w\" sizes=\"auto, (max-width: 667px) 100vw, 667px\" \/><\/a><\/figure>\n\n\n\n<figure class=\"wp-block-image size-large\"><a href=\"https:\/\/moquet.org\/wp-content\/uploads\/2025\/02\/DSC00812-scaled.jpg\"><img loading=\"lazy\" decoding=\"async\" width=\"1024\" height=\"683\" data-id=\"685\" src=\"https:\/\/moquet.org\/wp-content\/uploads\/2025\/02\/DSC00812-1024x683.jpg\" alt=\"\" class=\"wp-image-685\" srcset=\"https:\/\/moquet.org\/wp-content\/uploads\/2025\/02\/DSC00812-1024x683.jpg 1024w, https:\/\/moquet.org\/wp-content\/uploads\/2025\/02\/DSC00812-300x200.jpg 300w, https:\/\/moquet.org\/wp-content\/uploads\/2025\/02\/DSC00812-768x512.jpg 768w, https:\/\/moquet.org\/wp-content\/uploads\/2025\/02\/DSC00812-1536x1024.jpg 1536w, https:\/\/moquet.org\/wp-content\/uploads\/2025\/02\/DSC00812-2048x1365.jpg 2048w\" sizes=\"auto, (max-width: 1024px) 100vw, 1024px\" \/><\/a><\/figure>\n<\/figure>\n\n\n\n<p>Le funiculaire de Lyon, commun\u00e9ment surnomm\u00e9 \u00ab\u00a0la ficelle\u00a0\u00bb, est l&rsquo;un des plus anciens syst\u00e8mes de transport en commun de la ville. Mis en service pour la premi\u00e8re fois en 1862, il permet de relier rapidement le quartier de Saint-Jean \u00e0 la colline de Fourvi\u00e8re. Compos\u00e9 de deux lignes principales, le funiculaire offre aux passagers une exp\u00e9rience unique, alliant praticit\u00e9 et charme historique. En montant \u00e0 bord, on peut admirer des vues pittoresques sur le Vieux Lyon et ses ruelles pav\u00e9es. Le funiculaire de Lyon, au-del\u00e0 de son r\u00f4le de transport, est devenu un symbole de la ville, repr\u00e9sentant le lien entre le pass\u00e9 et le pr\u00e9sent. Toujours en activit\u00e9, il continue de transporter des milliers de visiteurs et de Lyonnais chaque jour, leur permettant de d\u00e9couvrir les tr\u00e9sors cach\u00e9s de la colline de Fourvi\u00e8re avec une touche d&rsquo;histoire et de tradition.<\/p>\n","protected":false},"excerpt":{"rendered":"<p>Perch\u00e9e sur la colline de Fourvi\u00e8re, la Basilique Notre-Dame de Fourvi\u00e8re offre une vue panoramique \u00e9poustouflante sur la ville de Lyon. En se tenant sur son esplanade, on peut contempler un v\u00e9ritable tableau vivant o\u00f9 se m\u00ealent harmonieusement l&rsquo;architecture ancienne et moderne. La rivi\u00e8re Sa\u00f4ne serpente gracieusement \u00e0 travers la ville, tandis que les toits [&hellip;]<\/p>\n","protected":false},"author":1,"featured_media":689,"comment_status":"closed","ping_status":"open","sticky":false,"template":"","format":"standard","meta":{"footnotes":""},"categories":[15],"tags":[],"class_list":["post-677","post","type-post","status-publish","format-standard","has-post-thumbnail","hentry","category-idee-sortie"],"yoast_head":"<!-- This site is optimized with the Yoast SEO plugin v27.2 - https:\/\/yoast.com\/product\/yoast-seo-wordpress\/ -->\n<title>Lyon : Basilique de Fourvi\u00e8re - Aur\u00e9lien Moquet<\/title>\n<meta name=\"robots\" content=\"index, follow, max-snippet:-1, max-image-preview:large, max-video-preview:-1\" \/>\n<link rel=\"canonical\" href=\"https:\/\/moquet.org\/index.php\/2025\/02\/16\/lyon-basilique-de-fourviere\/\" \/>\n<meta property=\"og:locale\" content=\"fr_FR\" \/>\n<meta property=\"og:type\" content=\"article\" \/>\n<meta property=\"og:title\" content=\"Lyon : Basilique de Fourvi\u00e8re - Aur\u00e9lien Moquet\" \/>\n<meta property=\"og:description\" content=\"Perch\u00e9e sur la colline de Fourvi\u00e8re, la Basilique Notre-Dame de Fourvi\u00e8re offre une vue panoramique \u00e9poustouflante sur la ville de Lyon. En se tenant sur son esplanade, on peut contempler un v\u00e9ritable tableau vivant o\u00f9 se m\u00ealent harmonieusement l&rsquo;architecture ancienne et moderne. La rivi\u00e8re Sa\u00f4ne serpente gracieusement \u00e0 travers la ville, tandis que les toits [&hellip;]\" \/>\n<meta property=\"og:url\" content=\"https:\/\/moquet.org\/index.php\/2025\/02\/16\/lyon-basilique-de-fourviere\/\" \/>\n<meta property=\"og:site_name\" content=\"Aur\u00e9lien Moquet\" \/>\n<meta property=\"article:publisher\" content=\"https:\/\/www.facebook.com\/profile.php?id=61575096712224&amp;locale=fr_FR\" \/>\n<meta property=\"article:published_time\" content=\"2025-02-16T15:24:55+00:00\" \/>\n<meta property=\"article:modified_time\" content=\"2025-02-21T22:47:47+00:00\" \/>\n<meta property=\"og:image\" content=\"https:\/\/moquet.org\/wp-content\/uploads\/2025\/02\/DSC00787-1-scaled.jpg\" \/>\n\t<meta property=\"og:image:width\" content=\"2560\" \/>\n\t<meta property=\"og:image:height\" content=\"1707\" \/>\n\t<meta property=\"og:image:type\" content=\"image\/jpeg\" \/>\n<meta name=\"author\" content=\"Aur\u00e9lien\" \/>\n<meta name=\"twitter:card\" content=\"summary_large_image\" \/>\n<meta name=\"twitter:label1\" content=\"\u00c9crit par\" \/>\n\t<meta name=\"twitter:data1\" content=\"Aur\u00e9lien\" \/>\n\t<meta name=\"twitter:label2\" content=\"Dur\u00e9e de lecture estim\u00e9e\" \/>\n\t<meta name=\"twitter:data2\" content=\"2 minutes\" \/>\n<script type=\"application\/ld+json\" class=\"yoast-schema-graph\">{\"@context\":\"https:\/\/schema.org\",\"@graph\":[{\"@type\":\"Article\",\"@id\":\"https:\/\/moquet.org\/index.php\/2025\/02\/16\/lyon-basilique-de-fourviere\/#article\",\"isPartOf\":{\"@id\":\"https:\/\/moquet.org\/index.php\/2025\/02\/16\/lyon-basilique-de-fourviere\/\"},\"author\":{\"name\":\"Aur\u00e9lien\",\"@id\":\"https:\/\/moquet.org\/#\/schema\/person\/a832cfcb2b0691af78e6937c520807e1\"},\"headline\":\"Lyon : Basilique de Fourvi\u00e8re\",\"datePublished\":\"2025-02-16T15:24:55+00:00\",\"dateModified\":\"2025-02-21T22:47:47+00:00\",\"mainEntityOfPage\":{\"@id\":\"https:\/\/moquet.org\/index.php\/2025\/02\/16\/lyon-basilique-de-fourviere\/\"},\"wordCount\":330,\"publisher\":{\"@id\":\"https:\/\/moquet.org\/#organization\"},\"image\":{\"@id\":\"https:\/\/moquet.org\/index.php\/2025\/02\/16\/lyon-basilique-de-fourviere\/#primaryimage\"},\"thumbnailUrl\":\"https:\/\/moquet.org\/wp-content\/uploads\/2025\/02\/DSC00787-1-scaled.jpg\",\"articleSection\":[\"Id\u00e9e sortie\"],\"inLanguage\":\"fr-FR\"},{\"@type\":\"WebPage\",\"@id\":\"https:\/\/moquet.org\/index.php\/2025\/02\/16\/lyon-basilique-de-fourviere\/\",\"url\":\"https:\/\/moquet.org\/index.php\/2025\/02\/16\/lyon-basilique-de-fourviere\/\",\"name\":\"Lyon : Basilique de Fourvi\u00e8re - Aur\u00e9lien Moquet\",\"isPartOf\":{\"@id\":\"https:\/\/moquet.org\/#website\"},\"primaryImageOfPage\":{\"@id\":\"https:\/\/moquet.org\/index.php\/2025\/02\/16\/lyon-basilique-de-fourviere\/#primaryimage\"},\"image\":{\"@id\":\"https:\/\/moquet.org\/index.php\/2025\/02\/16\/lyon-basilique-de-fourviere\/#primaryimage\"},\"thumbnailUrl\":\"https:\/\/moquet.org\/wp-content\/uploads\/2025\/02\/DSC00787-1-scaled.jpg\",\"datePublished\":\"2025-02-16T15:24:55+00:00\",\"dateModified\":\"2025-02-21T22:47:47+00:00\",\"breadcrumb\":{\"@id\":\"https:\/\/moquet.org\/index.php\/2025\/02\/16\/lyon-basilique-de-fourviere\/#breadcrumb\"},\"inLanguage\":\"fr-FR\",\"potentialAction\":[{\"@type\":\"ReadAction\",\"target\":[\"https:\/\/moquet.org\/index.php\/2025\/02\/16\/lyon-basilique-de-fourviere\/\"]}]},{\"@type\":\"ImageObject\",\"inLanguage\":\"fr-FR\",\"@id\":\"https:\/\/moquet.org\/index.php\/2025\/02\/16\/lyon-basilique-de-fourviere\/#primaryimage\",\"url\":\"https:\/\/moquet.org\/wp-content\/uploads\/2025\/02\/DSC00787-1-scaled.jpg\",\"contentUrl\":\"https:\/\/moquet.org\/wp-content\/uploads\/2025\/02\/DSC00787-1-scaled.jpg\",\"width\":2560,\"height\":1707,\"caption\":\"Lyon depuis Fourvi\u00e8re\"},{\"@type\":\"BreadcrumbList\",\"@id\":\"https:\/\/moquet.org\/index.php\/2025\/02\/16\/lyon-basilique-de-fourviere\/#breadcrumb\",\"itemListElement\":[{\"@type\":\"ListItem\",\"position\":1,\"name\":\"Accueil\",\"item\":\"https:\/\/moquet.org\/\"},{\"@type\":\"ListItem\",\"position\":2,\"name\":\"Lyon : Basilique de Fourvi\u00e8re\"}]},{\"@type\":\"WebSite\",\"@id\":\"https:\/\/moquet.org\/#website\",\"url\":\"https:\/\/moquet.org\/\",\"name\":\"Aur\u00e9lien Moquet\",\"description\":\"\",\"publisher\":{\"@id\":\"https:\/\/moquet.org\/#organization\"},\"potentialAction\":[{\"@type\":\"SearchAction\",\"target\":{\"@type\":\"EntryPoint\",\"urlTemplate\":\"https:\/\/moquet.org\/?s={search_term_string}\"},\"query-input\":{\"@type\":\"PropertyValueSpecification\",\"valueRequired\":true,\"valueName\":\"search_term_string\"}}],\"inLanguage\":\"fr-FR\"},{\"@type\":\"Organization\",\"@id\":\"https:\/\/moquet.org\/#organization\",\"name\":\"Aur\u00e9lien Moquet\",\"url\":\"https:\/\/moquet.org\/\",\"logo\":{\"@type\":\"ImageObject\",\"inLanguage\":\"fr-FR\",\"@id\":\"https:\/\/moquet.org\/#\/schema\/logo\/image\/\",\"url\":\"https:\/\/moquet.org\/wp-content\/uploads\/2026\/02\/Signature-AM-Black-Winter_Pen-scaled.png\",\"contentUrl\":\"https:\/\/moquet.org\/wp-content\/uploads\/2026\/02\/Signature-AM-Black-Winter_Pen-scaled.png\",\"width\":2560,\"height\":683,\"caption\":\"Aur\u00e9lien Moquet\"},\"image\":{\"@id\":\"https:\/\/moquet.org\/#\/schema\/logo\/image\/\"},\"sameAs\":[\"https:\/\/www.facebook.com\/profile.php?id=61575096712224&locale=fr_FR\"]},{\"@type\":\"Person\",\"@id\":\"https:\/\/moquet.org\/#\/schema\/person\/a832cfcb2b0691af78e6937c520807e1\",\"name\":\"Aur\u00e9lien\",\"image\":{\"@type\":\"ImageObject\",\"inLanguage\":\"fr-FR\",\"@id\":\"https:\/\/secure.gravatar.com\/avatar\/40e27b35504aca19c441a4ea347182b086b456a730b85cfefd391d690618802f?s=96&d=mm&r=g\",\"url\":\"https:\/\/secure.gravatar.com\/avatar\/40e27b35504aca19c441a4ea347182b086b456a730b85cfefd391d690618802f?s=96&d=mm&r=g\",\"contentUrl\":\"https:\/\/secure.gravatar.com\/avatar\/40e27b35504aca19c441a4ea347182b086b456a730b85cfefd391d690618802f?s=96&d=mm&r=g\",\"caption\":\"Aur\u00e9lien\"},\"sameAs\":[\"http:\/\/moquet.org\"],\"url\":\"https:\/\/moquet.org\/index.php\/author\/admin4682\/\"}]}<\/script>\n<!-- \/ Yoast SEO plugin. -->","yoast_head_json":{"title":"Lyon : Basilique de Fourvi\u00e8re - Aur\u00e9lien Moquet","robots":{"index":"index","follow":"follow","max-snippet":"max-snippet:-1","max-image-preview":"max-image-preview:large","max-video-preview":"max-video-preview:-1"},"canonical":"https:\/\/moquet.org\/index.php\/2025\/02\/16\/lyon-basilique-de-fourviere\/","og_locale":"fr_FR","og_type":"article","og_title":"Lyon : Basilique de Fourvi\u00e8re - Aur\u00e9lien Moquet","og_description":"Perch\u00e9e sur la colline de Fourvi\u00e8re, la Basilique Notre-Dame de Fourvi\u00e8re offre une vue panoramique \u00e9poustouflante sur la ville de Lyon. En se tenant sur son esplanade, on peut contempler un v\u00e9ritable tableau vivant o\u00f9 se m\u00ealent harmonieusement l&rsquo;architecture ancienne et moderne. La rivi\u00e8re Sa\u00f4ne serpente gracieusement \u00e0 travers la ville, tandis que les toits [&hellip;]","og_url":"https:\/\/moquet.org\/index.php\/2025\/02\/16\/lyon-basilique-de-fourviere\/","og_site_name":"Aur\u00e9lien Moquet","article_publisher":"https:\/\/www.facebook.com\/profile.php?id=61575096712224&locale=fr_FR","article_published_time":"2025-02-16T15:24:55+00:00","article_modified_time":"2025-02-21T22:47:47+00:00","og_image":[{"width":2560,"height":1707,"url":"https:\/\/moquet.org\/wp-content\/uploads\/2025\/02\/DSC00787-1-scaled.jpg","type":"image\/jpeg"}],"author":"Aur\u00e9lien","twitter_card":"summary_large_image","twitter_misc":{"\u00c9crit par":"Aur\u00e9lien","Dur\u00e9e de lecture estim\u00e9e":"2 minutes"},"schema":{"@context":"https:\/\/schema.org","@graph":[{"@type":"Article","@id":"https:\/\/moquet.org\/index.php\/2025\/02\/16\/lyon-basilique-de-fourviere\/#article","isPartOf":{"@id":"https:\/\/moquet.org\/index.php\/2025\/02\/16\/lyon-basilique-de-fourviere\/"},"author":{"name":"Aur\u00e9lien","@id":"https:\/\/moquet.org\/#\/schema\/person\/a832cfcb2b0691af78e6937c520807e1"},"headline":"Lyon : Basilique de Fourvi\u00e8re","datePublished":"2025-02-16T15:24:55+00:00","dateModified":"2025-02-21T22:47:47+00:00","mainEntityOfPage":{"@id":"https:\/\/moquet.org\/index.php\/2025\/02\/16\/lyon-basilique-de-fourviere\/"},"wordCount":330,"publisher":{"@id":"https:\/\/moquet.org\/#organization"},"image":{"@id":"https:\/\/moquet.org\/index.php\/2025\/02\/16\/lyon-basilique-de-fourviere\/#primaryimage"},"thumbnailUrl":"https:\/\/moquet.org\/wp-content\/uploads\/2025\/02\/DSC00787-1-scaled.jpg","articleSection":["Id\u00e9e sortie"],"inLanguage":"fr-FR"},{"@type":"WebPage","@id":"https:\/\/moquet.org\/index.php\/2025\/02\/16\/lyon-basilique-de-fourviere\/","url":"https:\/\/moquet.org\/index.php\/2025\/02\/16\/lyon-basilique-de-fourviere\/","name":"Lyon : Basilique de Fourvi\u00e8re - Aur\u00e9lien Moquet","isPartOf":{"@id":"https:\/\/moquet.org\/#website"},"primaryImageOfPage":{"@id":"https:\/\/moquet.org\/index.php\/2025\/02\/16\/lyon-basilique-de-fourviere\/#primaryimage"},"image":{"@id":"https:\/\/moquet.org\/index.php\/2025\/02\/16\/lyon-basilique-de-fourviere\/#primaryimage"},"thumbnailUrl":"https:\/\/moquet.org\/wp-content\/uploads\/2025\/02\/DSC00787-1-scaled.jpg","datePublished":"2025-02-16T15:24:55+00:00","dateModified":"2025-02-21T22:47:47+00:00","breadcrumb":{"@id":"https:\/\/moquet.org\/index.php\/2025\/02\/16\/lyon-basilique-de-fourviere\/#breadcrumb"},"inLanguage":"fr-FR","potentialAction":[{"@type":"ReadAction","target":["https:\/\/moquet.org\/index.php\/2025\/02\/16\/lyon-basilique-de-fourviere\/"]}]},{"@type":"ImageObject","inLanguage":"fr-FR","@id":"https:\/\/moquet.org\/index.php\/2025\/02\/16\/lyon-basilique-de-fourviere\/#primaryimage","url":"https:\/\/moquet.org\/wp-content\/uploads\/2025\/02\/DSC00787-1-scaled.jpg","contentUrl":"https:\/\/moquet.org\/wp-content\/uploads\/2025\/02\/DSC00787-1-scaled.jpg","width":2560,"height":1707,"caption":"Lyon depuis Fourvi\u00e8re"},{"@type":"BreadcrumbList","@id":"https:\/\/moquet.org\/index.php\/2025\/02\/16\/lyon-basilique-de-fourviere\/#breadcrumb","itemListElement":[{"@type":"ListItem","position":1,"name":"Accueil","item":"https:\/\/moquet.org\/"},{"@type":"ListItem","position":2,"name":"Lyon : Basilique de Fourvi\u00e8re"}]},{"@type":"WebSite","@id":"https:\/\/moquet.org\/#website","url":"https:\/\/moquet.org\/","name":"Aur\u00e9lien Moquet","description":"","publisher":{"@id":"https:\/\/moquet.org\/#organization"},"potentialAction":[{"@type":"SearchAction","target":{"@type":"EntryPoint","urlTemplate":"https:\/\/moquet.org\/?s={search_term_string}"},"query-input":{"@type":"PropertyValueSpecification","valueRequired":true,"valueName":"search_term_string"}}],"inLanguage":"fr-FR"},{"@type":"Organization","@id":"https:\/\/moquet.org\/#organization","name":"Aur\u00e9lien Moquet","url":"https:\/\/moquet.org\/","logo":{"@type":"ImageObject","inLanguage":"fr-FR","@id":"https:\/\/moquet.org\/#\/schema\/logo\/image\/","url":"https:\/\/moquet.org\/wp-content\/uploads\/2026\/02\/Signature-AM-Black-Winter_Pen-scaled.png","contentUrl":"https:\/\/moquet.org\/wp-content\/uploads\/2026\/02\/Signature-AM-Black-Winter_Pen-scaled.png","width":2560,"height":683,"caption":"Aur\u00e9lien Moquet"},"image":{"@id":"https:\/\/moquet.org\/#\/schema\/logo\/image\/"},"sameAs":["https:\/\/www.facebook.com\/profile.php?id=61575096712224&locale=fr_FR"]},{"@type":"Person","@id":"https:\/\/moquet.org\/#\/schema\/person\/a832cfcb2b0691af78e6937c520807e1","name":"Aur\u00e9lien","image":{"@type":"ImageObject","inLanguage":"fr-FR","@id":"https:\/\/secure.gravatar.com\/avatar\/40e27b35504aca19c441a4ea347182b086b456a730b85cfefd391d690618802f?s=96&d=mm&r=g","url":"https:\/\/secure.gravatar.com\/avatar\/40e27b35504aca19c441a4ea347182b086b456a730b85cfefd391d690618802f?s=96&d=mm&r=g","contentUrl":"https:\/\/secure.gravatar.com\/avatar\/40e27b35504aca19c441a4ea347182b086b456a730b85cfefd391d690618802f?s=96&d=mm&r=g","caption":"Aur\u00e9lien"},"sameAs":["http:\/\/moquet.org"],"url":"https:\/\/moquet.org\/index.php\/author\/admin4682\/"}]}},"_links":{"self":[{"href":"https:\/\/moquet.org\/index.php\/wp-json\/wp\/v2\/posts\/677","targetHints":{"allow":["GET"]}}],"collection":[{"href":"https:\/\/moquet.org\/index.php\/wp-json\/wp\/v2\/posts"}],"about":[{"href":"https:\/\/moquet.org\/index.php\/wp-json\/wp\/v2\/types\/post"}],"author":[{"embeddable":true,"href":"https:\/\/moquet.org\/index.php\/wp-json\/wp\/v2\/users\/1"}],"replies":[{"embeddable":true,"href":"https:\/\/moquet.org\/index.php\/wp-json\/wp\/v2\/comments?post=677"}],"version-history":[{"count":0,"href":"https:\/\/moquet.org\/index.php\/wp-json\/wp\/v2\/posts\/677\/revisions"}],"wp:featuredmedia":[{"embeddable":true,"href":"https:\/\/moquet.org\/index.php\/wp-json\/wp\/v2\/media\/689"}],"wp:attachment":[{"href":"https:\/\/moquet.org\/index.php\/wp-json\/wp\/v2\/media?parent=677"}],"wp:term":[{"taxonomy":"category","embeddable":true,"href":"https:\/\/moquet.org\/index.php\/wp-json\/wp\/v2\/categories?post=677"},{"taxonomy":"post_tag","embeddable":true,"href":"https:\/\/moquet.org\/index.php\/wp-json\/wp\/v2\/tags?post=677"}],"curies":[{"name":"wp","href":"https:\/\/api.w.org\/{rel}","templated":true}]}}