{"id":927,"date":"2026-03-13T18:37:00","date_gmt":"2026-03-13T17:37:00","guid":{"rendered":"https:\/\/moquet.org\/?p=927"},"modified":"2026-03-15T18:38:53","modified_gmt":"2026-03-15T17:38:53","slug":"voyage-solo-a-marrakech-lart-de-se-retrouver-dans-le-tumulte-des-souks","status":"publish","type":"post","link":"https:\/\/moquet.org\/index.php\/2026\/03\/13\/voyage-solo-a-marrakech-lart-de-se-retrouver-dans-le-tumulte-des-souks\/","title":{"rendered":"Voyage solo \u00e0 Marrakech : L&rsquo;art de se retrouver dans le tumulte des souks"},"content":{"rendered":"\n<h4 class=\"wp-block-heading\">Introduction : L&rsquo;appel de l&rsquo;aventure en solo<\/h4>\n\n\n\n<p>J\u2019ai toujours r\u00eav\u00e9 de voyages lointains, mais l\u2019id\u00e9e de partir seul\u2026 c\u2019\u00e9tait une autre histoire. Pour cette grande premi\u00e8re, mon choix s\u2019est port\u00e9 sur Marrakech, une ville dont le nom seul \u00e9voque un tourbillon de couleurs et de parfums. Ce \u00ab\u00a0voyage solo \u00e0 Marrakech\u00a0\u00bb allait \u00eatre bien plus qu&rsquo;une simple d\u00e9couverte de ruelles et de monuments ; ce serait une immersion, une qu\u00eate de moi-m\u00eame au c\u0153ur du tumulte. Et, comme on dit, les meilleures histoires commencent souvent l\u00e0 o\u00f9 l&rsquo;on s&rsquo;y attend le moins.<\/p>\n\n\n\n<h4 class=\"wp-block-heading\">Chapitre 1 : Premier pas dans la M\u00e9dina et l&rsquo;\u00e9tonnement des Riads<\/h4>\n\n\n\n<p>D\u00e8s l&rsquo;arriv\u00e9e, Marrakech m&rsquo;a happ\u00e9. Quitter l&rsquo;a\u00e9roport pour plonger dans l&rsquo;effervescence de la M\u00e9dina, c&rsquo;est comme changer de dimension. Les ruelles \u00e9troites, les scooters vrombissants, les appels des marchands&#8230; Loin des grands h\u00f4tels, j&rsquo;avais choisi de s\u00e9journer dans un Riad \u2013 ces maisons traditionnelles avec leur patio int\u00e9rieur. Une v\u00e9ritable bulle de calme et de beaut\u00e9 insoup\u00e7onn\u00e9e, une fois franchie la porte discr\u00e8te. Les nombreux Riads sont de v\u00e9ritables havres de paix, chacun avec son caract\u00e8re, ses couleurs, son histoire murmur\u00e9e par les murs et les mosa\u00efques. Un contraste saisissant entre l&rsquo;agitation ext\u00e9rieure et la s\u00e9r\u00e9nit\u00e9 int\u00e9rieure.<\/p>\n\n\n\n<figure class=\"wp-block-gallery has-nested-images columns-default is-cropped wp-block-gallery-1 is-layout-flex wp-block-gallery-is-layout-flex\">\n<figure class=\"wp-block-image size-large\"><a href=\"https:\/\/moquet.org\/wp-content\/uploads\/2026\/03\/20260311_123300.jpg\"><img loading=\"lazy\" decoding=\"async\" width=\"702\" height=\"1024\" data-id=\"928\" src=\"https:\/\/moquet.org\/wp-content\/uploads\/2026\/03\/20260311_123300-702x1024.jpg\" alt=\"\" class=\"wp-image-928\" srcset=\"https:\/\/moquet.org\/wp-content\/uploads\/2026\/03\/20260311_123300-702x1024.jpg 702w, https:\/\/moquet.org\/wp-content\/uploads\/2026\/03\/20260311_123300-206x300.jpg 206w, https:\/\/moquet.org\/wp-content\/uploads\/2026\/03\/20260311_123300-768x1120.jpg 768w, https:\/\/moquet.org\/wp-content\/uploads\/2026\/03\/20260311_123300-1053x1536.jpg 1053w, https:\/\/moquet.org\/wp-content\/uploads\/2026\/03\/20260311_123300.jpg 1404w\" sizes=\"auto, (max-width: 702px) 100vw, 702px\" \/><\/a><\/figure>\n\n\n\n<figure class=\"wp-block-image size-large\"><a href=\"https:\/\/moquet.org\/wp-content\/uploads\/2026\/03\/20260309_203707.jpg\"><img loading=\"lazy\" decoding=\"async\" width=\"461\" height=\"1024\" data-id=\"929\" src=\"https:\/\/moquet.org\/wp-content\/uploads\/2026\/03\/20260309_203707-461x1024.jpg\" alt=\"\" class=\"wp-image-929\" srcset=\"https:\/\/moquet.org\/wp-content\/uploads\/2026\/03\/20260309_203707-461x1024.jpg 461w, https:\/\/moquet.org\/wp-content\/uploads\/2026\/03\/20260309_203707-135x300.jpg 135w, https:\/\/moquet.org\/wp-content\/uploads\/2026\/03\/20260309_203707-768x1706.jpg 768w, https:\/\/moquet.org\/wp-content\/uploads\/2026\/03\/20260309_203707-692x1536.jpg 692w, https:\/\/moquet.org\/wp-content\/uploads\/2026\/03\/20260309_203707.jpg 922w\" sizes=\"auto, (max-width: 461px) 100vw, 461px\" \/><\/a><\/figure>\n\n\n\n<figure class=\"wp-block-image size-large\"><a href=\"https:\/\/moquet.org\/wp-content\/uploads\/2026\/03\/20260311_123210.jpg\"><img loading=\"lazy\" decoding=\"async\" width=\"461\" height=\"1024\" data-id=\"930\" src=\"https:\/\/moquet.org\/wp-content\/uploads\/2026\/03\/20260311_123210-461x1024.jpg\" alt=\"\" class=\"wp-image-930\" srcset=\"https:\/\/moquet.org\/wp-content\/uploads\/2026\/03\/20260311_123210-461x1024.jpg 461w, https:\/\/moquet.org\/wp-content\/uploads\/2026\/03\/20260311_123210-135x300.jpg 135w, https:\/\/moquet.org\/wp-content\/uploads\/2026\/03\/20260311_123210-768x1706.jpg 768w, https:\/\/moquet.org\/wp-content\/uploads\/2026\/03\/20260311_123210-692x1536.jpg 692w, https:\/\/moquet.org\/wp-content\/uploads\/2026\/03\/20260311_123210.jpg 922w\" sizes=\"auto, (max-width: 461px) 100vw, 461px\" \/><\/a><\/figure>\n<\/figure>\n\n\n\n<h4 class=\"wp-block-heading\">Chapitre 2 : Le C\u0153ur Battant de Marrakech : La Place et les Souks<\/h4>\n\n\n\n<p>Le v\u00e9ritable th\u00e9\u00e2tre de Marrakech, c&rsquo;est la <strong>place Jemaa el-Fna<\/strong>. De jour, elle s&rsquo;\u00e9veille doucement avec ses charmeurs de serpents et ses conteurs. Mais c&rsquo;est le soir qu&rsquo;elle r\u00e9v\u00e8le sa magie la plus intense. L&rsquo;air se remplit des fum\u00e9es des stands de nourriture, des musiques des gnaouas, des rires et des discussions. Un spectacle vivant et hypnotisant.<\/p>\n\n\n\n<p>Et juste \u00e0 c\u00f4t\u00e9, s&rsquo;\u00e9tendent <strong>les souks<\/strong>, un labyrinthe sans fin o\u00f9 l&rsquo;on se perd avec d\u00e9lice. Cuirs, \u00e9pices, poteries, babouches&#8230; chaque all\u00e9e est une nouvelle d\u00e9couverte, une n\u00e9gociation, une invitation au voyage des sens. J&rsquo;ai arpent\u00e9 ces d\u00e9dales pendant des heures, me laissant porter par les parfums, les couleurs \u00e9clatantes, et cette \u00e9nergie unique qui y r\u00e8gne<\/p>\n\n\n\n<figure class=\"wp-block-gallery has-nested-images columns-default is-cropped wp-block-gallery-2 is-layout-flex wp-block-gallery-is-layout-flex\">\n<figure class=\"wp-block-image size-large\"><a href=\"https:\/\/moquet.org\/wp-content\/uploads\/2026\/03\/20260310_154456.jpg\"><img loading=\"lazy\" decoding=\"async\" width=\"1024\" height=\"461\" data-id=\"931\" src=\"https:\/\/moquet.org\/wp-content\/uploads\/2026\/03\/20260310_154456-1024x461.jpg\" alt=\"\" class=\"wp-image-931\" srcset=\"https:\/\/moquet.org\/wp-content\/uploads\/2026\/03\/20260310_154456-1024x461.jpg 1024w, https:\/\/moquet.org\/wp-content\/uploads\/2026\/03\/20260310_154456-300x135.jpg 300w, https:\/\/moquet.org\/wp-content\/uploads\/2026\/03\/20260310_154456-768x346.jpg 768w, https:\/\/moquet.org\/wp-content\/uploads\/2026\/03\/20260310_154456-1536x692.jpg 1536w, https:\/\/moquet.org\/wp-content\/uploads\/2026\/03\/20260310_154456.jpg 2048w\" sizes=\"auto, (max-width: 1024px) 100vw, 1024px\" \/><\/a><\/figure>\n\n\n\n<figure class=\"wp-block-image size-large\"><a href=\"https:\/\/moquet.org\/wp-content\/uploads\/2026\/03\/AUM03251.jpg\"><img loading=\"lazy\" decoding=\"async\" width=\"1024\" height=\"683\" data-id=\"932\" src=\"https:\/\/moquet.org\/wp-content\/uploads\/2026\/03\/AUM03251-1024x683.jpg\" alt=\"\" class=\"wp-image-932\" srcset=\"https:\/\/moquet.org\/wp-content\/uploads\/2026\/03\/AUM03251-1024x683.jpg 1024w, https:\/\/moquet.org\/wp-content\/uploads\/2026\/03\/AUM03251-300x200.jpg 300w, https:\/\/moquet.org\/wp-content\/uploads\/2026\/03\/AUM03251-768x512.jpg 768w, https:\/\/moquet.org\/wp-content\/uploads\/2026\/03\/AUM03251-1536x1024.jpg 1536w, https:\/\/moquet.org\/wp-content\/uploads\/2026\/03\/AUM03251.jpg 2048w\" sizes=\"auto, (max-width: 1024px) 100vw, 1024px\" \/><\/a><\/figure>\n\n\n\n<figure class=\"wp-block-image size-large\"><a href=\"https:\/\/moquet.org\/wp-content\/uploads\/2026\/03\/AUM03255.jpg\"><img loading=\"lazy\" decoding=\"async\" width=\"683\" height=\"1024\" data-id=\"933\" src=\"https:\/\/moquet.org\/wp-content\/uploads\/2026\/03\/AUM03255-683x1024.jpg\" alt=\"\" class=\"wp-image-933\" srcset=\"https:\/\/moquet.org\/wp-content\/uploads\/2026\/03\/AUM03255-683x1024.jpg 683w, https:\/\/moquet.org\/wp-content\/uploads\/2026\/03\/AUM03255-200x300.jpg 200w, https:\/\/moquet.org\/wp-content\/uploads\/2026\/03\/AUM03255-768x1152.jpg 768w, https:\/\/moquet.org\/wp-content\/uploads\/2026\/03\/AUM03255-1024x1536.jpg 1024w, https:\/\/moquet.org\/wp-content\/uploads\/2026\/03\/AUM03255.jpg 1365w\" sizes=\"auto, (max-width: 683px) 100vw, 683px\" \/><\/a><\/figure>\n\n\n\n<figure class=\"wp-block-image size-large\"><a href=\"https:\/\/moquet.org\/wp-content\/uploads\/2026\/03\/AUM03166.jpg\"><img loading=\"lazy\" decoding=\"async\" width=\"683\" height=\"1024\" data-id=\"934\" src=\"https:\/\/moquet.org\/wp-content\/uploads\/2026\/03\/AUM03166-683x1024.jpg\" alt=\"\" class=\"wp-image-934\" srcset=\"https:\/\/moquet.org\/wp-content\/uploads\/2026\/03\/AUM03166-683x1024.jpg 683w, https:\/\/moquet.org\/wp-content\/uploads\/2026\/03\/AUM03166-200x300.jpg 200w, https:\/\/moquet.org\/wp-content\/uploads\/2026\/03\/AUM03166-768x1152.jpg 768w, https:\/\/moquet.org\/wp-content\/uploads\/2026\/03\/AUM03166-1024x1536.jpg 1024w, https:\/\/moquet.org\/wp-content\/uploads\/2026\/03\/AUM03166.jpg 1365w\" sizes=\"auto, (max-width: 683px) 100vw, 683px\" \/><\/a><\/figure>\n\n\n\n<figure class=\"wp-block-image size-large\"><a href=\"https:\/\/moquet.org\/wp-content\/uploads\/2026\/03\/20260313_161317.jpg\"><img loading=\"lazy\" decoding=\"async\" width=\"461\" height=\"1024\" data-id=\"935\" src=\"https:\/\/moquet.org\/wp-content\/uploads\/2026\/03\/20260313_161317-461x1024.jpg\" alt=\"\" class=\"wp-image-935\" srcset=\"https:\/\/moquet.org\/wp-content\/uploads\/2026\/03\/20260313_161317-461x1024.jpg 461w, https:\/\/moquet.org\/wp-content\/uploads\/2026\/03\/20260313_161317-135x300.jpg 135w, https:\/\/moquet.org\/wp-content\/uploads\/2026\/03\/20260313_161317-768x1706.jpg 768w, https:\/\/moquet.org\/wp-content\/uploads\/2026\/03\/20260313_161317-692x1536.jpg 692w, https:\/\/moquet.org\/wp-content\/uploads\/2026\/03\/20260313_161317.jpg 922w\" sizes=\"auto, (max-width: 461px) 100vw, 461px\" \/><\/a><\/figure>\n\n\n\n<figure class=\"wp-block-image size-large\"><a href=\"https:\/\/moquet.org\/wp-content\/uploads\/2026\/03\/AUM03163.jpg\"><img loading=\"lazy\" decoding=\"async\" width=\"1024\" height=\"683\" data-id=\"936\" src=\"https:\/\/moquet.org\/wp-content\/uploads\/2026\/03\/AUM03163-1024x683.jpg\" alt=\"\" class=\"wp-image-936\" srcset=\"https:\/\/moquet.org\/wp-content\/uploads\/2026\/03\/AUM03163-1024x683.jpg 1024w, https:\/\/moquet.org\/wp-content\/uploads\/2026\/03\/AUM03163-300x200.jpg 300w, https:\/\/moquet.org\/wp-content\/uploads\/2026\/03\/AUM03163-768x512.jpg 768w, https:\/\/moquet.org\/wp-content\/uploads\/2026\/03\/AUM03163-1536x1024.jpg 1536w, https:\/\/moquet.org\/wp-content\/uploads\/2026\/03\/AUM03163.jpg 2048w\" sizes=\"auto, (max-width: 1024px) 100vw, 1024px\" \/><\/a><\/figure>\n\n\n\n<figure class=\"wp-block-image size-large\"><a href=\"https:\/\/moquet.org\/wp-content\/uploads\/2026\/03\/AUM03168.jpg\"><img loading=\"lazy\" decoding=\"async\" width=\"1024\" height=\"683\" data-id=\"937\" src=\"https:\/\/moquet.org\/wp-content\/uploads\/2026\/03\/AUM03168-1024x683.jpg\" alt=\"\" class=\"wp-image-937\" srcset=\"https:\/\/moquet.org\/wp-content\/uploads\/2026\/03\/AUM03168-1024x683.jpg 1024w, https:\/\/moquet.org\/wp-content\/uploads\/2026\/03\/AUM03168-300x200.jpg 300w, https:\/\/moquet.org\/wp-content\/uploads\/2026\/03\/AUM03168-768x512.jpg 768w, https:\/\/moquet.org\/wp-content\/uploads\/2026\/03\/AUM03168-1536x1024.jpg 1536w, https:\/\/moquet.org\/wp-content\/uploads\/2026\/03\/AUM03168.jpg 2048w\" sizes=\"auto, (max-width: 1024px) 100vw, 1024px\" \/><\/a><\/figure>\n<\/figure>\n\n\n\n<h4 class=\"wp-block-heading\">Chapitre 3 : De la Spiritualit\u00e9 \u00e0 l&rsquo;Art Urbain : La Koutoubia et le Street Art<\/h4>\n\n\n\n<p>Au-del\u00e0 du commerce et de l&rsquo;animation, Marrakech est aussi une ville d&rsquo;une profonde spiritualit\u00e9. Impossible de manquer l&rsquo;\u00e9l\u00e9gance imposante de la <strong>Mosqu\u00e9e Koutoubia<\/strong>, son minaret se dressant fi\u00e8rement tel un phare dans la ville. Symbole de Marrakech, elle veille sur la place et ponctue la journ\u00e9e de ses appels \u00e0 la pri\u00e8re, une m\u00e9lodie qui apaise et ancre.<\/p>\n\n\n\n<p>Mais Marrakech, c&rsquo;est aussi une ville qui bouge et surprend. Loin des clich\u00e9s, j&rsquo;ai \u00e9t\u00e9 fascin\u00e9 par la sc\u00e8ne de <strong>street art<\/strong> grandissante. En explorant certains quartiers, on d\u00e9couvre des fresques murales magnifiques, audacieuses, qui racontent une autre histoire de la ville, un dialogue moderne avec son h\u00e9ritage mill\u00e9naire.<\/p>\n\n\n\n<figure class=\"wp-block-gallery has-nested-images columns-default is-cropped wp-block-gallery-3 is-layout-flex wp-block-gallery-is-layout-flex\">\n<figure class=\"wp-block-image size-large\"><a href=\"https:\/\/moquet.org\/wp-content\/uploads\/2026\/03\/AUM03162.jpg\"><img loading=\"lazy\" decoding=\"async\" width=\"683\" height=\"1024\" data-id=\"938\" src=\"https:\/\/moquet.org\/wp-content\/uploads\/2026\/03\/AUM03162-683x1024.jpg\" alt=\"La Koutoubia\" class=\"wp-image-938\" srcset=\"https:\/\/moquet.org\/wp-content\/uploads\/2026\/03\/AUM03162-683x1024.jpg 683w, https:\/\/moquet.org\/wp-content\/uploads\/2026\/03\/AUM03162-200x300.jpg 200w, https:\/\/moquet.org\/wp-content\/uploads\/2026\/03\/AUM03162-768x1152.jpg 768w, https:\/\/moquet.org\/wp-content\/uploads\/2026\/03\/AUM03162-1024x1536.jpg 1024w, https:\/\/moquet.org\/wp-content\/uploads\/2026\/03\/AUM03162.jpg 1365w\" sizes=\"auto, (max-width: 683px) 100vw, 683px\" \/><\/a><\/figure>\n\n\n\n<figure class=\"wp-block-image size-large\"><a href=\"https:\/\/moquet.org\/wp-content\/uploads\/2026\/03\/AUM03157.jpg\"><img loading=\"lazy\" decoding=\"async\" width=\"683\" height=\"1024\" data-id=\"939\" src=\"https:\/\/moquet.org\/wp-content\/uploads\/2026\/03\/AUM03157-683x1024.jpg\" alt=\"La Koutoubia\" class=\"wp-image-939\" srcset=\"https:\/\/moquet.org\/wp-content\/uploads\/2026\/03\/AUM03157-683x1024.jpg 683w, https:\/\/moquet.org\/wp-content\/uploads\/2026\/03\/AUM03157-200x300.jpg 200w, https:\/\/moquet.org\/wp-content\/uploads\/2026\/03\/AUM03157-768x1152.jpg 768w, https:\/\/moquet.org\/wp-content\/uploads\/2026\/03\/AUM03157-1024x1536.jpg 1024w, https:\/\/moquet.org\/wp-content\/uploads\/2026\/03\/AUM03157.jpg 1365w\" sizes=\"auto, (max-width: 683px) 100vw, 683px\" \/><\/a><\/figure>\n\n\n\n<figure class=\"wp-block-image size-large\"><a href=\"https:\/\/moquet.org\/wp-content\/uploads\/2026\/03\/AUM03158.jpg\"><img loading=\"lazy\" decoding=\"async\" width=\"1024\" height=\"1024\" data-id=\"940\" src=\"https:\/\/moquet.org\/wp-content\/uploads\/2026\/03\/AUM03158-1024x1024.jpg\" alt=\"Street Art Marrakech\" class=\"wp-image-940\" srcset=\"https:\/\/moquet.org\/wp-content\/uploads\/2026\/03\/AUM03158-1024x1024.jpg 1024w, https:\/\/moquet.org\/wp-content\/uploads\/2026\/03\/AUM03158-300x300.jpg 300w, https:\/\/moquet.org\/wp-content\/uploads\/2026\/03\/AUM03158-150x150.jpg 150w, https:\/\/moquet.org\/wp-content\/uploads\/2026\/03\/AUM03158-768x768.jpg 768w, https:\/\/moquet.org\/wp-content\/uploads\/2026\/03\/AUM03158-1536x1536.jpg 1536w, https:\/\/moquet.org\/wp-content\/uploads\/2026\/03\/AUM03158.jpg 2048w\" sizes=\"auto, (max-width: 1024px) 100vw, 1024px\" \/><\/a><\/figure>\n\n\n\n<figure class=\"wp-block-image size-large\"><a href=\"https:\/\/moquet.org\/wp-content\/uploads\/2026\/03\/AUM03269.jpg\"><img loading=\"lazy\" decoding=\"async\" width=\"1024\" height=\"683\" data-id=\"941\" src=\"https:\/\/moquet.org\/wp-content\/uploads\/2026\/03\/AUM03269-1024x683.jpg\" alt=\"Street Art Marrakech\" class=\"wp-image-941\" srcset=\"https:\/\/moquet.org\/wp-content\/uploads\/2026\/03\/AUM03269-1024x683.jpg 1024w, https:\/\/moquet.org\/wp-content\/uploads\/2026\/03\/AUM03269-300x200.jpg 300w, https:\/\/moquet.org\/wp-content\/uploads\/2026\/03\/AUM03269-768x512.jpg 768w, https:\/\/moquet.org\/wp-content\/uploads\/2026\/03\/AUM03269-1536x1024.jpg 1536w, https:\/\/moquet.org\/wp-content\/uploads\/2026\/03\/AUM03269.jpg 2048w\" sizes=\"auto, (max-width: 1024px) 100vw, 1024px\" \/><\/a><\/figure>\n<\/figure>\n\n\n\n<h4 class=\"wp-block-heading\">Chapitre 4 : Le Bleu Hypnotique et l&rsquo;H\u00e9ritage YSL : Le Jardin Majorelle<\/h4>\n\n\n\n<p>Si la M\u00e9dina est un tourbillon, le <strong>Jardin Majorelle<\/strong> est une douce respiration. Quelle vision apaisante ! Le fameux \u00ab\u00a0bleu Majorelle\u00a0\u00bb est r\u00e9ellement hypnotique, une couleur si intense qu&rsquo;elle semble vibrer sous le soleil. Ce jardin, oasis de fra\u00eecheur et de tranquillit\u00e9, est un chef-d&rsquo;\u0153uvre botanique et artistique. S&rsquo;y promener, c&rsquo;est se laisser envelopper par la beaut\u00e9 des plantes exotiques et l&rsquo;harmonie des couleurs. L&#8217;empreinte d&rsquo;Yves Saint Laurent et de Pierre Berg\u00e9, qui ont sauv\u00e9 ce lieu, est palpable, ajoutant une couche d&rsquo;\u00e9l\u00e9gance \u00e0 ce paradis<\/p>\n\n\n\n<figure class=\"wp-block-gallery has-nested-images columns-default is-cropped wp-block-gallery-4 is-layout-flex wp-block-gallery-is-layout-flex\">\n<figure class=\"wp-block-image size-large\"><a href=\"https:\/\/moquet.org\/wp-content\/uploads\/2026\/03\/AUM03200.jpg\"><img loading=\"lazy\" decoding=\"async\" width=\"1024\" height=\"683\" data-id=\"942\" src=\"https:\/\/moquet.org\/wp-content\/uploads\/2026\/03\/AUM03200-1024x683.jpg\" alt=\"Le Jardin Majorelle\" class=\"wp-image-942\" srcset=\"https:\/\/moquet.org\/wp-content\/uploads\/2026\/03\/AUM03200-1024x683.jpg 1024w, https:\/\/moquet.org\/wp-content\/uploads\/2026\/03\/AUM03200-300x200.jpg 300w, https:\/\/moquet.org\/wp-content\/uploads\/2026\/03\/AUM03200-768x512.jpg 768w, https:\/\/moquet.org\/wp-content\/uploads\/2026\/03\/AUM03200-1536x1024.jpg 1536w, https:\/\/moquet.org\/wp-content\/uploads\/2026\/03\/AUM03200.jpg 2048w\" sizes=\"auto, (max-width: 1024px) 100vw, 1024px\" \/><\/a><\/figure>\n\n\n\n<figure class=\"wp-block-image size-large\"><a href=\"https:\/\/moquet.org\/wp-content\/uploads\/2026\/03\/AUM03177.jpg\"><img loading=\"lazy\" decoding=\"async\" width=\"683\" height=\"1024\" data-id=\"943\" src=\"https:\/\/moquet.org\/wp-content\/uploads\/2026\/03\/AUM03177-683x1024.jpg\" alt=\"Le Jardin Majorelle\" class=\"wp-image-943\" srcset=\"https:\/\/moquet.org\/wp-content\/uploads\/2026\/03\/AUM03177-683x1024.jpg 683w, https:\/\/moquet.org\/wp-content\/uploads\/2026\/03\/AUM03177-200x300.jpg 200w, https:\/\/moquet.org\/wp-content\/uploads\/2026\/03\/AUM03177-768x1152.jpg 768w, https:\/\/moquet.org\/wp-content\/uploads\/2026\/03\/AUM03177-1024x1536.jpg 1024w, https:\/\/moquet.org\/wp-content\/uploads\/2026\/03\/AUM03177.jpg 1365w\" sizes=\"auto, (max-width: 683px) 100vw, 683px\" \/><\/a><\/figure>\n\n\n\n<figure class=\"wp-block-image size-large\"><a href=\"https:\/\/moquet.org\/wp-content\/uploads\/2026\/03\/AUM03179.jpg\"><img loading=\"lazy\" decoding=\"async\" width=\"683\" height=\"1024\" data-id=\"944\" src=\"https:\/\/moquet.org\/wp-content\/uploads\/2026\/03\/AUM03179-683x1024.jpg\" alt=\"Le Jardin Majorelle\" class=\"wp-image-944\" srcset=\"https:\/\/moquet.org\/wp-content\/uploads\/2026\/03\/AUM03179-683x1024.jpg 683w, https:\/\/moquet.org\/wp-content\/uploads\/2026\/03\/AUM03179-200x300.jpg 200w, https:\/\/moquet.org\/wp-content\/uploads\/2026\/03\/AUM03179-768x1152.jpg 768w, https:\/\/moquet.org\/wp-content\/uploads\/2026\/03\/AUM03179-1024x1536.jpg 1024w, https:\/\/moquet.org\/wp-content\/uploads\/2026\/03\/AUM03179.jpg 1365w\" sizes=\"auto, (max-width: 683px) 100vw, 683px\" \/><\/a><\/figure>\n<\/figure>\n\n\n\n<h4 class=\"wp-block-heading\">Chapitre 5 : Plong\u00e9e dans l&rsquo;Histoire et la Culture : Mus\u00e9es de la Photo et de la Musique<\/h4>\n\n\n\n<p>Marrakech est aussi une ville qui aime raconter son pass\u00e9 et sa culture. J&rsquo;ai eu le plaisir de visiter le <strong>Mus\u00e9e de la Photo<\/strong>, un tr\u00e9sor d&rsquo;images anciennes qui d\u00e9voilent le Maroc d&rsquo;antan, capturant des visages et des sc\u00e8nes de vie avec une \u00e9motion intemporelle. C&rsquo;est une fen\u00eatre sur l&rsquo;histoire.<\/p>\n\n\n\n<p>Non loin de l\u00e0, le <strong>Mus\u00e9e de la Musique<\/strong> offre une autre immersion culturelle. Il permet de d\u00e9couvrir la richesse et la diversit\u00e9 des instruments et des traditions musicales marocaines. Une v\u00e9ritable symphonie pour les yeux et l&rsquo;esprit, qui explique bien des sons entendus dans la M\u00e9dina.<\/p>\n\n\n\n<figure class=\"wp-block-gallery has-nested-images columns-default is-cropped wp-block-gallery-5 is-layout-flex wp-block-gallery-is-layout-flex\">\n<figure class=\"wp-block-image size-large\"><a href=\"https:\/\/moquet.org\/wp-content\/uploads\/2026\/03\/20260310_112945.jpg\"><img loading=\"lazy\" decoding=\"async\" width=\"683\" height=\"1024\" data-id=\"945\" src=\"https:\/\/moquet.org\/wp-content\/uploads\/2026\/03\/20260310_112945-683x1024.jpg\" alt=\"Mus\u00e9e de la Photo Marrakech\" class=\"wp-image-945\" srcset=\"https:\/\/moquet.org\/wp-content\/uploads\/2026\/03\/20260310_112945-683x1024.jpg 683w, https:\/\/moquet.org\/wp-content\/uploads\/2026\/03\/20260310_112945-200x300.jpg 200w, https:\/\/moquet.org\/wp-content\/uploads\/2026\/03\/20260310_112945-768x1152.jpg 768w, https:\/\/moquet.org\/wp-content\/uploads\/2026\/03\/20260310_112945-1024x1536.jpg 1024w, https:\/\/moquet.org\/wp-content\/uploads\/2026\/03\/20260310_112945.jpg 1365w\" sizes=\"auto, (max-width: 683px) 100vw, 683px\" \/><\/a><\/figure>\n<\/figure>\n\n\n\n<h4 class=\"wp-block-heading\">Chapitre 6 : \u00c9vasion vers les Sommets : L&rsquo;Atlas et la Vall\u00e9e de l&rsquo;Ourika<\/h4>\n\n\n\n<p>Apr\u00e8s l&rsquo;effervescence de la ville, j&rsquo;ai ressenti le besoin d&rsquo;un grand bol d&rsquo;air. <strong>En route vers l&rsquo;Atlas et la vall\u00e9e de l&rsquo;Ourika<\/strong>, le paysage change radicalement. Les palmiers c\u00e8dent la place aux arganiers et aux petits villages berb\u00e8res accroch\u00e9s aux flancs des montagnes. Le trajet est une invitation \u00e0 la contemplation, chaque virage r\u00e9v\u00e9lant des panoramas grandioses. La vall\u00e9e elle-m\u00eame, avec sa rivi\u00e8re et ses fameuses <strong>cascades de Setti Fatma<\/strong>, est un lieu o\u00f9 la nature reprend ses droits. Une marche revigorante dans un cadre spectaculaire, loin du bruit de la ville.<\/p>\n\n\n\n<figure class=\"wp-block-gallery has-nested-images columns-default is-cropped wp-block-gallery-6 is-layout-flex wp-block-gallery-is-layout-flex\">\n<figure class=\"wp-block-image size-large\"><a href=\"https:\/\/moquet.org\/wp-content\/uploads\/2026\/03\/AUM03205.jpg\"><img loading=\"lazy\" decoding=\"async\" width=\"1024\" height=\"683\" data-id=\"946\" src=\"https:\/\/moquet.org\/wp-content\/uploads\/2026\/03\/AUM03205-1024x683.jpg\" alt=\"L'atlas\" class=\"wp-image-946\" srcset=\"https:\/\/moquet.org\/wp-content\/uploads\/2026\/03\/AUM03205-1024x683.jpg 1024w, https:\/\/moquet.org\/wp-content\/uploads\/2026\/03\/AUM03205-300x200.jpg 300w, https:\/\/moquet.org\/wp-content\/uploads\/2026\/03\/AUM03205-768x512.jpg 768w, https:\/\/moquet.org\/wp-content\/uploads\/2026\/03\/AUM03205-1536x1024.jpg 1536w, https:\/\/moquet.org\/wp-content\/uploads\/2026\/03\/AUM03205.jpg 2048w\" sizes=\"auto, (max-width: 1024px) 100vw, 1024px\" \/><\/a><\/figure>\n\n\n\n<figure class=\"wp-block-image size-large\"><a href=\"https:\/\/moquet.org\/wp-content\/uploads\/2026\/03\/AUM03206.jpg\"><img loading=\"lazy\" decoding=\"async\" width=\"1024\" height=\"683\" data-id=\"947\" src=\"https:\/\/moquet.org\/wp-content\/uploads\/2026\/03\/AUM03206-1024x683.jpg\" alt=\"Atlas - Aurelien Moquet\" class=\"wp-image-947\" srcset=\"https:\/\/moquet.org\/wp-content\/uploads\/2026\/03\/AUM03206-1024x683.jpg 1024w, https:\/\/moquet.org\/wp-content\/uploads\/2026\/03\/AUM03206-300x200.jpg 300w, https:\/\/moquet.org\/wp-content\/uploads\/2026\/03\/AUM03206-768x512.jpg 768w, https:\/\/moquet.org\/wp-content\/uploads\/2026\/03\/AUM03206-1536x1024.jpg 1536w, https:\/\/moquet.org\/wp-content\/uploads\/2026\/03\/AUM03206.jpg 2048w\" sizes=\"auto, (max-width: 1024px) 100vw, 1024px\" \/><\/a><\/figure>\n\n\n\n<figure class=\"wp-block-image size-large\"><a href=\"https:\/\/moquet.org\/wp-content\/uploads\/2026\/03\/AUM03207.jpg\"><img loading=\"lazy\" decoding=\"async\" width=\"1024\" height=\"683\" data-id=\"948\" src=\"https:\/\/moquet.org\/wp-content\/uploads\/2026\/03\/AUM03207-1024x683.jpg\" alt=\"Tajine - Aurelien Moquet\" class=\"wp-image-948\" srcset=\"https:\/\/moquet.org\/wp-content\/uploads\/2026\/03\/AUM03207-1024x683.jpg 1024w, https:\/\/moquet.org\/wp-content\/uploads\/2026\/03\/AUM03207-300x200.jpg 300w, https:\/\/moquet.org\/wp-content\/uploads\/2026\/03\/AUM03207-768x512.jpg 768w, https:\/\/moquet.org\/wp-content\/uploads\/2026\/03\/AUM03207-1536x1024.jpg 1536w, https:\/\/moquet.org\/wp-content\/uploads\/2026\/03\/AUM03207.jpg 2048w\" sizes=\"auto, (max-width: 1024px) 100vw, 1024px\" \/><\/a><\/figure>\n\n\n\n<figure class=\"wp-block-image size-large\"><a href=\"https:\/\/moquet.org\/wp-content\/uploads\/2026\/03\/20260312_132912.jpg\"><img loading=\"lazy\" decoding=\"async\" width=\"615\" height=\"1024\" data-id=\"949\" src=\"https:\/\/moquet.org\/wp-content\/uploads\/2026\/03\/20260312_132912-615x1024.jpg\" alt=\"Vall\u00e9e de l'Ourika\" class=\"wp-image-949\" srcset=\"https:\/\/moquet.org\/wp-content\/uploads\/2026\/03\/20260312_132912-615x1024.jpg 615w, https:\/\/moquet.org\/wp-content\/uploads\/2026\/03\/20260312_132912-180x300.jpg 180w, https:\/\/moquet.org\/wp-content\/uploads\/2026\/03\/20260312_132912-768x1280.jpg 768w, https:\/\/moquet.org\/wp-content\/uploads\/2026\/03\/20260312_132912-922x1536.jpg 922w, https:\/\/moquet.org\/wp-content\/uploads\/2026\/03\/20260312_132912.jpg 1229w\" sizes=\"auto, (max-width: 615px) 100vw, 615px\" \/><\/a><\/figure>\n\n\n\n<figure class=\"wp-block-image size-large\"><a href=\"https:\/\/moquet.org\/wp-content\/uploads\/2026\/03\/AUM03223.jpg\"><img loading=\"lazy\" decoding=\"async\" width=\"683\" height=\"1024\" data-id=\"950\" src=\"https:\/\/moquet.org\/wp-content\/uploads\/2026\/03\/AUM03223-683x1024.jpg\" alt=\"cascades de Setti Fatma\" class=\"wp-image-950\" srcset=\"https:\/\/moquet.org\/wp-content\/uploads\/2026\/03\/AUM03223-683x1024.jpg 683w, https:\/\/moquet.org\/wp-content\/uploads\/2026\/03\/AUM03223-200x300.jpg 200w, https:\/\/moquet.org\/wp-content\/uploads\/2026\/03\/AUM03223-768x1152.jpg 768w, https:\/\/moquet.org\/wp-content\/uploads\/2026\/03\/AUM03223-1024x1536.jpg 1024w, https:\/\/moquet.org\/wp-content\/uploads\/2026\/03\/AUM03223.jpg 1365w\" sizes=\"auto, (max-width: 683px) 100vw, 683px\" \/><\/a><\/figure>\n\n\n\n<figure class=\"wp-block-image size-large\"><a href=\"https:\/\/moquet.org\/wp-content\/uploads\/2026\/03\/AUM03230.jpg\"><img loading=\"lazy\" decoding=\"async\" width=\"1024\" height=\"683\" data-id=\"951\" src=\"https:\/\/moquet.org\/wp-content\/uploads\/2026\/03\/AUM03230-1024x683.jpg\" alt=\"Vall\u00e9e de l'ourika\" class=\"wp-image-951\" srcset=\"https:\/\/moquet.org\/wp-content\/uploads\/2026\/03\/AUM03230-1024x683.jpg 1024w, https:\/\/moquet.org\/wp-content\/uploads\/2026\/03\/AUM03230-300x200.jpg 300w, https:\/\/moquet.org\/wp-content\/uploads\/2026\/03\/AUM03230-768x512.jpg 768w, https:\/\/moquet.org\/wp-content\/uploads\/2026\/03\/AUM03230-1536x1024.jpg 1536w, https:\/\/moquet.org\/wp-content\/uploads\/2026\/03\/AUM03230.jpg 2048w\" sizes=\"auto, (max-width: 1024px) 100vw, 1024px\" \/><\/a><\/figure>\n<\/figure>\n\n\n\n<h4 class=\"wp-block-heading\">Chapitre 7 : L&rsquo;immensit\u00e9 de la M\u00e9nara : Le calme au pied de l&rsquo;Atlas<\/h4>\n\n\n\n<p>Apr\u00e8s la palette de couleurs vibrantes du jardin Majorelle, j&rsquo;ai voulu d\u00e9couvrir un autre visage du jardinage marocain : la <strong>M\u00e9nara<\/strong>. Ici, tout est question de perspective et de s\u00e9r\u00e9nit\u00e9. L\u2019immense bassin d\u2019irrigation, aliment\u00e9 par un ing\u00e9nieux syst\u00e8me hydraulique vieux de plusieurs si\u00e8cles, forme un miroir d&rsquo;eau paisible. Face \u00e0 moi, le pavillon saadien se dressait avec \u00e9l\u00e9gance, et par-del\u00e0 les oliviers \u00e0 perte de vue, les sommets enneig\u00e9s de l&rsquo;Atlas semblaient veiller sur le jardin. C&rsquo;est un lieu qui invite \u00e0 la marche lente et \u00e0 la contemplation, un espace o\u00f9 le temps semble suspendu, tr\u00e8s loin du brouhaha des souks. Un pur moment de d\u00e9connexion.<\/p>\n\n\n\n<figure class=\"wp-block-gallery has-nested-images columns-default is-cropped wp-block-gallery-7 is-layout-flex wp-block-gallery-is-layout-flex\">\n<figure class=\"wp-block-image size-large\"><a href=\"https:\/\/moquet.org\/wp-content\/uploads\/2026\/03\/20260313_094607.jpg\"><img loading=\"lazy\" decoding=\"async\" width=\"1024\" height=\"1024\" data-id=\"952\" src=\"https:\/\/moquet.org\/wp-content\/uploads\/2026\/03\/20260313_094607-1024x1024.jpg\" alt=\"Jardin de la M\u00e9nara\" class=\"wp-image-952\" srcset=\"https:\/\/moquet.org\/wp-content\/uploads\/2026\/03\/20260313_094607-1024x1024.jpg 1024w, https:\/\/moquet.org\/wp-content\/uploads\/2026\/03\/20260313_094607-300x300.jpg 300w, https:\/\/moquet.org\/wp-content\/uploads\/2026\/03\/20260313_094607-150x150.jpg 150w, https:\/\/moquet.org\/wp-content\/uploads\/2026\/03\/20260313_094607-768x768.jpg 768w, https:\/\/moquet.org\/wp-content\/uploads\/2026\/03\/20260313_094607-1536x1536.jpg 1536w, https:\/\/moquet.org\/wp-content\/uploads\/2026\/03\/20260313_094607.jpg 2048w\" sizes=\"auto, (max-width: 1024px) 100vw, 1024px\" \/><\/a><\/figure>\n<\/figure>\n\n\n\n<h4 class=\"wp-block-heading\">Conclusion : Le voyage solo, une rencontre avec soi-m\u00eame<\/h4>\n\n\n\n<p>En refermant ce chapitre de mon <strong>voyage solo \u00e0 Marrakech<\/strong>, je repars avec bien plus que des souvenirs et des photos. J&rsquo;ai appris \u00e0 naviguer dans l&rsquo;inconnu, \u00e0 savourer la libert\u00e9 d&rsquo;un itin\u00e9raire flexible, et m\u00eame \u00e0 apprivoiser cette part de solitude qui, au final, s&rsquo;est transform\u00e9e en une belle rencontre avec moi-m\u00eame. Le tumulte des souks m&rsquo;a offert un miroir, et l&rsquo;\u00e9nergie de cette ville m&rsquo;a rempli. Marrakech en solo, c&rsquo;est l&rsquo;assurance de ne jamais s&rsquo;ennuyer et de se surprendre \u00e0 chaque instant. Une exp\u00e9rience que je recommande \u00e0 quiconque cherche \u00e0 s&rsquo;\u00e9vader et \u00e0 se retrouver, le temps d&rsquo;un voyage<\/p>\n\n\n\n<figure class=\"wp-block-gallery has-nested-images columns-default is-cropped wp-block-gallery-8 is-layout-flex wp-block-gallery-is-layout-flex\">\n<figure class=\"wp-block-image size-large\"><a href=\"https:\/\/moquet.org\/wp-content\/uploads\/2026\/03\/AUM03258.jpg\"><img loading=\"lazy\" decoding=\"async\" width=\"1024\" height=\"1024\" data-id=\"953\" src=\"https:\/\/moquet.org\/wp-content\/uploads\/2026\/03\/AUM03258-1024x1024.jpg\" alt=\"Aurelien Moquet Marrakech\" class=\"wp-image-953\" srcset=\"https:\/\/moquet.org\/wp-content\/uploads\/2026\/03\/AUM03258-1024x1024.jpg 1024w, https:\/\/moquet.org\/wp-content\/uploads\/2026\/03\/AUM03258-300x300.jpg 300w, https:\/\/moquet.org\/wp-content\/uploads\/2026\/03\/AUM03258-150x150.jpg 150w, https:\/\/moquet.org\/wp-content\/uploads\/2026\/03\/AUM03258-768x768.jpg 768w, https:\/\/moquet.org\/wp-content\/uploads\/2026\/03\/AUM03258-1536x1536.jpg 1536w, https:\/\/moquet.org\/wp-content\/uploads\/2026\/03\/AUM03258.jpg 2048w\" sizes=\"auto, (max-width: 1024px) 100vw, 1024px\" \/><\/a><\/figure>\n<\/figure>\n","protected":false},"excerpt":{"rendered":"<p>Introduction : L&rsquo;appel de l&rsquo;aventure en solo J\u2019ai toujours r\u00eav\u00e9 de voyages lointains, mais l\u2019id\u00e9e de partir seul\u2026 c\u2019\u00e9tait une autre histoire. Pour cette grande premi\u00e8re, mon choix s\u2019est port\u00e9 sur Marrakech, une ville dont le nom seul \u00e9voque un tourbillon de couleurs et de parfums. Ce \u00ab\u00a0voyage solo \u00e0 Marrakech\u00a0\u00bb allait \u00eatre bien plus [&hellip;]<\/p>\n","protected":false},"author":1,"featured_media":938,"comment_status":"closed","ping_status":"open","sticky":false,"template":"","format":"standard","meta":{"footnotes":""},"categories":[9],"tags":[],"class_list":["post-927","post","type-post","status-publish","format-standard","has-post-thumbnail","hentry","category-idee-rando"],"yoast_head":"<!-- This site is optimized with the Yoast SEO plugin v27.2 - https:\/\/yoast.com\/product\/yoast-seo-wordpress\/ -->\n<title>Voyage solo \u00e0 Marrakech : L&#039;art de se retrouver dans le tumulte des souks - Aur\u00e9lien Moquet<\/title>\n<meta name=\"robots\" content=\"index, follow, max-snippet:-1, max-image-preview:large, max-video-preview:-1\" \/>\n<link rel=\"canonical\" href=\"https:\/\/moquet.org\/index.php\/2026\/03\/13\/voyage-solo-a-marrakech-lart-de-se-retrouver-dans-le-tumulte-des-souks\/\" \/>\n<meta property=\"og:locale\" content=\"fr_FR\" \/>\n<meta property=\"og:type\" content=\"article\" \/>\n<meta property=\"og:title\" content=\"Voyage solo \u00e0 Marrakech : L&#039;art de se retrouver dans le tumulte des souks - Aur\u00e9lien Moquet\" \/>\n<meta property=\"og:description\" content=\"Introduction : L&rsquo;appel de l&rsquo;aventure en solo J\u2019ai toujours r\u00eav\u00e9 de voyages lointains, mais l\u2019id\u00e9e de partir seul\u2026 c\u2019\u00e9tait une autre histoire. Pour cette grande premi\u00e8re, mon choix s\u2019est port\u00e9 sur Marrakech, une ville dont le nom seul \u00e9voque un tourbillon de couleurs et de parfums. Ce \u00ab\u00a0voyage solo \u00e0 Marrakech\u00a0\u00bb allait \u00eatre bien plus [&hellip;]\" \/>\n<meta property=\"og:url\" content=\"https:\/\/moquet.org\/index.php\/2026\/03\/13\/voyage-solo-a-marrakech-lart-de-se-retrouver-dans-le-tumulte-des-souks\/\" \/>\n<meta property=\"og:site_name\" content=\"Aur\u00e9lien Moquet\" \/>\n<meta property=\"article:publisher\" content=\"https:\/\/www.facebook.com\/profile.php?id=61575096712224&amp;locale=fr_FR\" \/>\n<meta property=\"article:published_time\" content=\"2026-03-13T17:37:00+00:00\" \/>\n<meta property=\"article:modified_time\" content=\"2026-03-15T17:38:53+00:00\" \/>\n<meta property=\"og:image\" content=\"https:\/\/moquet.org\/wp-content\/uploads\/2026\/03\/AUM03162.jpg\" \/>\n\t<meta property=\"og:image:width\" content=\"1365\" \/>\n\t<meta property=\"og:image:height\" content=\"2048\" \/>\n\t<meta property=\"og:image:type\" content=\"image\/jpeg\" \/>\n<meta name=\"author\" content=\"Aur\u00e9lien\" \/>\n<meta name=\"twitter:card\" content=\"summary_large_image\" \/>\n<meta name=\"twitter:label1\" content=\"\u00c9crit par\" \/>\n\t<meta name=\"twitter:data1\" content=\"Aur\u00e9lien\" \/>\n\t<meta name=\"twitter:label2\" content=\"Dur\u00e9e de lecture estim\u00e9e\" \/>\n\t<meta name=\"twitter:data2\" content=\"11 minutes\" \/>\n<script type=\"application\/ld+json\" class=\"yoast-schema-graph\">{\"@context\":\"https:\/\/schema.org\",\"@graph\":[{\"@type\":\"Article\",\"@id\":\"https:\/\/moquet.org\/index.php\/2026\/03\/13\/voyage-solo-a-marrakech-lart-de-se-retrouver-dans-le-tumulte-des-souks\/#article\",\"isPartOf\":{\"@id\":\"https:\/\/moquet.org\/index.php\/2026\/03\/13\/voyage-solo-a-marrakech-lart-de-se-retrouver-dans-le-tumulte-des-souks\/\"},\"author\":{\"name\":\"Aur\u00e9lien\",\"@id\":\"https:\/\/moquet.org\/#\/schema\/person\/a832cfcb2b0691af78e6937c520807e1\"},\"headline\":\"Voyage solo \u00e0 Marrakech : L&rsquo;art de se retrouver dans le tumulte des souks\",\"datePublished\":\"2026-03-13T17:37:00+00:00\",\"dateModified\":\"2026-03-15T17:38:53+00:00\",\"mainEntityOfPage\":{\"@id\":\"https:\/\/moquet.org\/index.php\/2026\/03\/13\/voyage-solo-a-marrakech-lart-de-se-retrouver-dans-le-tumulte-des-souks\/\"},\"wordCount\":1146,\"publisher\":{\"@id\":\"https:\/\/moquet.org\/#organization\"},\"image\":{\"@id\":\"https:\/\/moquet.org\/index.php\/2026\/03\/13\/voyage-solo-a-marrakech-lart-de-se-retrouver-dans-le-tumulte-des-souks\/#primaryimage\"},\"thumbnailUrl\":\"https:\/\/moquet.org\/wp-content\/uploads\/2026\/03\/AUM03162.jpg\",\"articleSection\":[\"Id\u00e9e rando\"],\"inLanguage\":\"fr-FR\"},{\"@type\":\"WebPage\",\"@id\":\"https:\/\/moquet.org\/index.php\/2026\/03\/13\/voyage-solo-a-marrakech-lart-de-se-retrouver-dans-le-tumulte-des-souks\/\",\"url\":\"https:\/\/moquet.org\/index.php\/2026\/03\/13\/voyage-solo-a-marrakech-lart-de-se-retrouver-dans-le-tumulte-des-souks\/\",\"name\":\"Voyage solo \u00e0 Marrakech : L'art de se retrouver dans le tumulte des souks - Aur\u00e9lien Moquet\",\"isPartOf\":{\"@id\":\"https:\/\/moquet.org\/#website\"},\"primaryImageOfPage\":{\"@id\":\"https:\/\/moquet.org\/index.php\/2026\/03\/13\/voyage-solo-a-marrakech-lart-de-se-retrouver-dans-le-tumulte-des-souks\/#primaryimage\"},\"image\":{\"@id\":\"https:\/\/moquet.org\/index.php\/2026\/03\/13\/voyage-solo-a-marrakech-lart-de-se-retrouver-dans-le-tumulte-des-souks\/#primaryimage\"},\"thumbnailUrl\":\"https:\/\/moquet.org\/wp-content\/uploads\/2026\/03\/AUM03162.jpg\",\"datePublished\":\"2026-03-13T17:37:00+00:00\",\"dateModified\":\"2026-03-15T17:38:53+00:00\",\"breadcrumb\":{\"@id\":\"https:\/\/moquet.org\/index.php\/2026\/03\/13\/voyage-solo-a-marrakech-lart-de-se-retrouver-dans-le-tumulte-des-souks\/#breadcrumb\"},\"inLanguage\":\"fr-FR\",\"potentialAction\":[{\"@type\":\"ReadAction\",\"target\":[\"https:\/\/moquet.org\/index.php\/2026\/03\/13\/voyage-solo-a-marrakech-lart-de-se-retrouver-dans-le-tumulte-des-souks\/\"]}]},{\"@type\":\"ImageObject\",\"inLanguage\":\"fr-FR\",\"@id\":\"https:\/\/moquet.org\/index.php\/2026\/03\/13\/voyage-solo-a-marrakech-lart-de-se-retrouver-dans-le-tumulte-des-souks\/#primaryimage\",\"url\":\"https:\/\/moquet.org\/wp-content\/uploads\/2026\/03\/AUM03162.jpg\",\"contentUrl\":\"https:\/\/moquet.org\/wp-content\/uploads\/2026\/03\/AUM03162.jpg\",\"width\":1365,\"height\":2048,\"caption\":\"La Koutoubia\"},{\"@type\":\"BreadcrumbList\",\"@id\":\"https:\/\/moquet.org\/index.php\/2026\/03\/13\/voyage-solo-a-marrakech-lart-de-se-retrouver-dans-le-tumulte-des-souks\/#breadcrumb\",\"itemListElement\":[{\"@type\":\"ListItem\",\"position\":1,\"name\":\"Accueil\",\"item\":\"https:\/\/moquet.org\/\"},{\"@type\":\"ListItem\",\"position\":2,\"name\":\"Voyage solo \u00e0 Marrakech : L&rsquo;art de se retrouver dans le tumulte des souks\"}]},{\"@type\":\"WebSite\",\"@id\":\"https:\/\/moquet.org\/#website\",\"url\":\"https:\/\/moquet.org\/\",\"name\":\"Aur\u00e9lien Moquet\",\"description\":\"\",\"publisher\":{\"@id\":\"https:\/\/moquet.org\/#organization\"},\"potentialAction\":[{\"@type\":\"SearchAction\",\"target\":{\"@type\":\"EntryPoint\",\"urlTemplate\":\"https:\/\/moquet.org\/?s={search_term_string}\"},\"query-input\":{\"@type\":\"PropertyValueSpecification\",\"valueRequired\":true,\"valueName\":\"search_term_string\"}}],\"inLanguage\":\"fr-FR\"},{\"@type\":\"Organization\",\"@id\":\"https:\/\/moquet.org\/#organization\",\"name\":\"Aur\u00e9lien Moquet\",\"url\":\"https:\/\/moquet.org\/\",\"logo\":{\"@type\":\"ImageObject\",\"inLanguage\":\"fr-FR\",\"@id\":\"https:\/\/moquet.org\/#\/schema\/logo\/image\/\",\"url\":\"https:\/\/moquet.org\/wp-content\/uploads\/2026\/02\/Signature-AM-Black-Winter_Pen-scaled.png\",\"contentUrl\":\"https:\/\/moquet.org\/wp-content\/uploads\/2026\/02\/Signature-AM-Black-Winter_Pen-scaled.png\",\"width\":2560,\"height\":683,\"caption\":\"Aur\u00e9lien Moquet\"},\"image\":{\"@id\":\"https:\/\/moquet.org\/#\/schema\/logo\/image\/\"},\"sameAs\":[\"https:\/\/www.facebook.com\/profile.php?id=61575096712224&locale=fr_FR\"]},{\"@type\":\"Person\",\"@id\":\"https:\/\/moquet.org\/#\/schema\/person\/a832cfcb2b0691af78e6937c520807e1\",\"name\":\"Aur\u00e9lien\",\"image\":{\"@type\":\"ImageObject\",\"inLanguage\":\"fr-FR\",\"@id\":\"https:\/\/secure.gravatar.com\/avatar\/40e27b35504aca19c441a4ea347182b086b456a730b85cfefd391d690618802f?s=96&d=mm&r=g\",\"url\":\"https:\/\/secure.gravatar.com\/avatar\/40e27b35504aca19c441a4ea347182b086b456a730b85cfefd391d690618802f?s=96&d=mm&r=g\",\"contentUrl\":\"https:\/\/secure.gravatar.com\/avatar\/40e27b35504aca19c441a4ea347182b086b456a730b85cfefd391d690618802f?s=96&d=mm&r=g\",\"caption\":\"Aur\u00e9lien\"},\"sameAs\":[\"http:\/\/moquet.org\"],\"url\":\"https:\/\/moquet.org\/index.php\/author\/admin4682\/\"}]}<\/script>\n<!-- \/ Yoast SEO plugin. -->","yoast_head_json":{"title":"Voyage solo \u00e0 Marrakech : L'art de se retrouver dans le tumulte des souks - Aur\u00e9lien Moquet","robots":{"index":"index","follow":"follow","max-snippet":"max-snippet:-1","max-image-preview":"max-image-preview:large","max-video-preview":"max-video-preview:-1"},"canonical":"https:\/\/moquet.org\/index.php\/2026\/03\/13\/voyage-solo-a-marrakech-lart-de-se-retrouver-dans-le-tumulte-des-souks\/","og_locale":"fr_FR","og_type":"article","og_title":"Voyage solo \u00e0 Marrakech : L'art de se retrouver dans le tumulte des souks - Aur\u00e9lien Moquet","og_description":"Introduction : L&rsquo;appel de l&rsquo;aventure en solo J\u2019ai toujours r\u00eav\u00e9 de voyages lointains, mais l\u2019id\u00e9e de partir seul\u2026 c\u2019\u00e9tait une autre histoire. Pour cette grande premi\u00e8re, mon choix s\u2019est port\u00e9 sur Marrakech, une ville dont le nom seul \u00e9voque un tourbillon de couleurs et de parfums. Ce \u00ab\u00a0voyage solo \u00e0 Marrakech\u00a0\u00bb allait \u00eatre bien plus [&hellip;]","og_url":"https:\/\/moquet.org\/index.php\/2026\/03\/13\/voyage-solo-a-marrakech-lart-de-se-retrouver-dans-le-tumulte-des-souks\/","og_site_name":"Aur\u00e9lien Moquet","article_publisher":"https:\/\/www.facebook.com\/profile.php?id=61575096712224&locale=fr_FR","article_published_time":"2026-03-13T17:37:00+00:00","article_modified_time":"2026-03-15T17:38:53+00:00","og_image":[{"width":1365,"height":2048,"url":"https:\/\/moquet.org\/wp-content\/uploads\/2026\/03\/AUM03162.jpg","type":"image\/jpeg"}],"author":"Aur\u00e9lien","twitter_card":"summary_large_image","twitter_misc":{"\u00c9crit par":"Aur\u00e9lien","Dur\u00e9e de lecture estim\u00e9e":"11 minutes"},"schema":{"@context":"https:\/\/schema.org","@graph":[{"@type":"Article","@id":"https:\/\/moquet.org\/index.php\/2026\/03\/13\/voyage-solo-a-marrakech-lart-de-se-retrouver-dans-le-tumulte-des-souks\/#article","isPartOf":{"@id":"https:\/\/moquet.org\/index.php\/2026\/03\/13\/voyage-solo-a-marrakech-lart-de-se-retrouver-dans-le-tumulte-des-souks\/"},"author":{"name":"Aur\u00e9lien","@id":"https:\/\/moquet.org\/#\/schema\/person\/a832cfcb2b0691af78e6937c520807e1"},"headline":"Voyage solo \u00e0 Marrakech : L&rsquo;art de se retrouver dans le tumulte des souks","datePublished":"2026-03-13T17:37:00+00:00","dateModified":"2026-03-15T17:38:53+00:00","mainEntityOfPage":{"@id":"https:\/\/moquet.org\/index.php\/2026\/03\/13\/voyage-solo-a-marrakech-lart-de-se-retrouver-dans-le-tumulte-des-souks\/"},"wordCount":1146,"publisher":{"@id":"https:\/\/moquet.org\/#organization"},"image":{"@id":"https:\/\/moquet.org\/index.php\/2026\/03\/13\/voyage-solo-a-marrakech-lart-de-se-retrouver-dans-le-tumulte-des-souks\/#primaryimage"},"thumbnailUrl":"https:\/\/moquet.org\/wp-content\/uploads\/2026\/03\/AUM03162.jpg","articleSection":["Id\u00e9e rando"],"inLanguage":"fr-FR"},{"@type":"WebPage","@id":"https:\/\/moquet.org\/index.php\/2026\/03\/13\/voyage-solo-a-marrakech-lart-de-se-retrouver-dans-le-tumulte-des-souks\/","url":"https:\/\/moquet.org\/index.php\/2026\/03\/13\/voyage-solo-a-marrakech-lart-de-se-retrouver-dans-le-tumulte-des-souks\/","name":"Voyage solo \u00e0 Marrakech : L'art de se retrouver dans le tumulte des souks - Aur\u00e9lien Moquet","isPartOf":{"@id":"https:\/\/moquet.org\/#website"},"primaryImageOfPage":{"@id":"https:\/\/moquet.org\/index.php\/2026\/03\/13\/voyage-solo-a-marrakech-lart-de-se-retrouver-dans-le-tumulte-des-souks\/#primaryimage"},"image":{"@id":"https:\/\/moquet.org\/index.php\/2026\/03\/13\/voyage-solo-a-marrakech-lart-de-se-retrouver-dans-le-tumulte-des-souks\/#primaryimage"},"thumbnailUrl":"https:\/\/moquet.org\/wp-content\/uploads\/2026\/03\/AUM03162.jpg","datePublished":"2026-03-13T17:37:00+00:00","dateModified":"2026-03-15T17:38:53+00:00","breadcrumb":{"@id":"https:\/\/moquet.org\/index.php\/2026\/03\/13\/voyage-solo-a-marrakech-lart-de-se-retrouver-dans-le-tumulte-des-souks\/#breadcrumb"},"inLanguage":"fr-FR","potentialAction":[{"@type":"ReadAction","target":["https:\/\/moquet.org\/index.php\/2026\/03\/13\/voyage-solo-a-marrakech-lart-de-se-retrouver-dans-le-tumulte-des-souks\/"]}]},{"@type":"ImageObject","inLanguage":"fr-FR","@id":"https:\/\/moquet.org\/index.php\/2026\/03\/13\/voyage-solo-a-marrakech-lart-de-se-retrouver-dans-le-tumulte-des-souks\/#primaryimage","url":"https:\/\/moquet.org\/wp-content\/uploads\/2026\/03\/AUM03162.jpg","contentUrl":"https:\/\/moquet.org\/wp-content\/uploads\/2026\/03\/AUM03162.jpg","width":1365,"height":2048,"caption":"La Koutoubia"},{"@type":"BreadcrumbList","@id":"https:\/\/moquet.org\/index.php\/2026\/03\/13\/voyage-solo-a-marrakech-lart-de-se-retrouver-dans-le-tumulte-des-souks\/#breadcrumb","itemListElement":[{"@type":"ListItem","position":1,"name":"Accueil","item":"https:\/\/moquet.org\/"},{"@type":"ListItem","position":2,"name":"Voyage solo \u00e0 Marrakech : L&rsquo;art de se retrouver dans le tumulte des souks"}]},{"@type":"WebSite","@id":"https:\/\/moquet.org\/#website","url":"https:\/\/moquet.org\/","name":"Aur\u00e9lien Moquet","description":"","publisher":{"@id":"https:\/\/moquet.org\/#organization"},"potentialAction":[{"@type":"SearchAction","target":{"@type":"EntryPoint","urlTemplate":"https:\/\/moquet.org\/?s={search_term_string}"},"query-input":{"@type":"PropertyValueSpecification","valueRequired":true,"valueName":"search_term_string"}}],"inLanguage":"fr-FR"},{"@type":"Organization","@id":"https:\/\/moquet.org\/#organization","name":"Aur\u00e9lien Moquet","url":"https:\/\/moquet.org\/","logo":{"@type":"ImageObject","inLanguage":"fr-FR","@id":"https:\/\/moquet.org\/#\/schema\/logo\/image\/","url":"https:\/\/moquet.org\/wp-content\/uploads\/2026\/02\/Signature-AM-Black-Winter_Pen-scaled.png","contentUrl":"https:\/\/moquet.org\/wp-content\/uploads\/2026\/02\/Signature-AM-Black-Winter_Pen-scaled.png","width":2560,"height":683,"caption":"Aur\u00e9lien Moquet"},"image":{"@id":"https:\/\/moquet.org\/#\/schema\/logo\/image\/"},"sameAs":["https:\/\/www.facebook.com\/profile.php?id=61575096712224&locale=fr_FR"]},{"@type":"Person","@id":"https:\/\/moquet.org\/#\/schema\/person\/a832cfcb2b0691af78e6937c520807e1","name":"Aur\u00e9lien","image":{"@type":"ImageObject","inLanguage":"fr-FR","@id":"https:\/\/secure.gravatar.com\/avatar\/40e27b35504aca19c441a4ea347182b086b456a730b85cfefd391d690618802f?s=96&d=mm&r=g","url":"https:\/\/secure.gravatar.com\/avatar\/40e27b35504aca19c441a4ea347182b086b456a730b85cfefd391d690618802f?s=96&d=mm&r=g","contentUrl":"https:\/\/secure.gravatar.com\/avatar\/40e27b35504aca19c441a4ea347182b086b456a730b85cfefd391d690618802f?s=96&d=mm&r=g","caption":"Aur\u00e9lien"},"sameAs":["http:\/\/moquet.org"],"url":"https:\/\/moquet.org\/index.php\/author\/admin4682\/"}]}},"_links":{"self":[{"href":"https:\/\/moquet.org\/index.php\/wp-json\/wp\/v2\/posts\/927","targetHints":{"allow":["GET"]}}],"collection":[{"href":"https:\/\/moquet.org\/index.php\/wp-json\/wp\/v2\/posts"}],"about":[{"href":"https:\/\/moquet.org\/index.php\/wp-json\/wp\/v2\/types\/post"}],"author":[{"embeddable":true,"href":"https:\/\/moquet.org\/index.php\/wp-json\/wp\/v2\/users\/1"}],"replies":[{"embeddable":true,"href":"https:\/\/moquet.org\/index.php\/wp-json\/wp\/v2\/comments?post=927"}],"version-history":[{"count":0,"href":"https:\/\/moquet.org\/index.php\/wp-json\/wp\/v2\/posts\/927\/revisions"}],"wp:featuredmedia":[{"embeddable":true,"href":"https:\/\/moquet.org\/index.php\/wp-json\/wp\/v2\/media\/938"}],"wp:attachment":[{"href":"https:\/\/moquet.org\/index.php\/wp-json\/wp\/v2\/media?parent=927"}],"wp:term":[{"taxonomy":"category","embeddable":true,"href":"https:\/\/moquet.org\/index.php\/wp-json\/wp\/v2\/categories?post=927"},{"taxonomy":"post_tag","embeddable":true,"href":"https:\/\/moquet.org\/index.php\/wp-json\/wp\/v2\/tags?post=927"}],"curies":[{"name":"wp","href":"https:\/\/api.w.org\/{rel}","templated":true}]}}